{"id":19584,"date":"2018-11-26T12:35:23","date_gmt":"2018-11-26T15:35:23","guid":{"rendered":"http:\/\/www.adufpb.org.br\/site\/?p=19584"},"modified":"2018-11-26T12:35:23","modified_gmt":"2018-11-26T15:35:23","slug":"nota-de-pesar-91","status":"publish","type":"post","link":"https:\/\/www.adufpb.org.br\/site\/nota-de-pesar-91\/","title":{"rendered":"NOTA DE PESAR"},"content":{"rendered":"<p style=\"text-align: left;\" align=\"center\"><a href=\"http:\/\/www.adufpb.org.br\/site\/wp-content\/uploads\/2018\/11\/jos\u00e9-eymard.jpg\"><img loading=\"lazy\" decoding=\"async\" class=\"aligncenter size-medium wp-image-19585\" alt=\"jos\u00e9 eymard\" src=\"http:\/\/www.adufpb.org.br\/site\/wp-content\/uploads\/2018\/11\/jos\u00e9-eymard-300x174.jpg\" width=\"300\" height=\"174\" srcset=\"https:\/\/www.adufpb.org.br\/site\/wp-content\/uploads\/2018\/11\/jos\u00e9-eymard-300x174.jpg 300w, https:\/\/www.adufpb.org.br\/site\/wp-content\/uploads\/2018\/11\/jos\u00e9-eymard.jpg 525w\" sizes=\"auto, (max-width: 300px) 100vw, 300px\" \/><\/a><\/p>\n<p style=\"text-align: left;\" align=\"center\">\n<p style=\"text-align: left;\" align=\"center\"><span style=\"font-size: medium;\">A Diretoria Executiva da ADUFPB vem a p\u00fablico manifestar o seu profundo pesar pelo falecimento, ocorrido no dia 25 de novembro de 2018, de\u00a0<\/span><strong style=\"font-size: medium;\">JOS\u00c9 EYMARD MORAES DE MEDEIROS<\/strong><span style=\"font-size: medium;\">, professor aposentado do Departamento de Medicina Interna, do Centro de Ci\u00eancias M\u00e9dicas, da Universidade Federal da Para\u00edba.<\/span><\/p>\n<p><span style=\"font-size: medium;\">O professor\u00a0<b>Jos\u00e9 Eymard<\/b>\u00a0\u00e9 sindicalizado da ADUFPB desde o ano de 1982. Aos membros da fam\u00edlia e amigos, nossos sentimentos.<\/span><\/p>\n<p><span style=\"font-size: medium;\">\u00a0<\/span><\/p>\n<p align=\"right\"><span style=\"font-size: medium;\">Jo\u00e3o Pessoa, 26 de novembro de 2018.<\/span><\/p>\n<p align=\"right\"><span style=\"font-size: medium;\">DIRETORIA EXECUTIVA<\/span><\/p>\n","protected":false},"excerpt":{"rendered":"<p>A Diretoria Executiva da ADUFPB vem a p\u00fablico manifestar o seu profundo pesar pelo falecimento, ocorrido no dia 25 de novembro de 2018, de\u00a0JOS\u00c9 EYMARD MORAES DE MEDEIROS, professor aposentado do Departamento de Medicina Interna, do Centro de Ci\u00eancias M\u00e9dicas, da Universidade Federal da Para\u00edba. O professor\u00a0Jos\u00e9 Eymard\u00a0\u00e9 sindicalizado da ADUFPB desde o ano de&hellip;<\/p>\n","protected":false},"author":3,"featured_media":0,"comment_status":"closed","ping_status":"closed","sticky":false,"template":"","format":"standard","meta":{"footnotes":""},"categories":[15],"tags":[],"class_list":["post-19584","post","type-post","status-publish","format-standard","hentry","category-noticias","category-15","description-off"],"_links":{"self":[{"href":"https:\/\/www.adufpb.org.br\/site\/wp-json\/wp\/v2\/posts\/19584","targetHints":{"allow":["GET"]}}],"collection":[{"href":"https:\/\/www.adufpb.org.br\/site\/wp-json\/wp\/v2\/posts"}],"about":[{"href":"https:\/\/www.adufpb.org.br\/site\/wp-json\/wp\/v2\/types\/post"}],"author":[{"embeddable":true,"href":"https:\/\/www.adufpb.org.br\/site\/wp-json\/wp\/v2\/users\/3"}],"replies":[{"embeddable":true,"href":"https:\/\/www.adufpb.org.br\/site\/wp-json\/wp\/v2\/comments?post=19584"}],"version-history":[{"count":2,"href":"https:\/\/www.adufpb.org.br\/site\/wp-json\/wp\/v2\/posts\/19584\/revisions"}],"predecessor-version":[{"id":19587,"href":"https:\/\/www.adufpb.org.br\/site\/wp-json\/wp\/v2\/posts\/19584\/revisions\/19587"}],"wp:attachment":[{"href":"https:\/\/www.adufpb.org.br\/site\/wp-json\/wp\/v2\/media?parent=19584"}],"wp:term":[{"taxonomy":"category","embeddable":true,"href":"https:\/\/www.adufpb.org.br\/site\/wp-json\/wp\/v2\/categories?post=19584"},{"taxonomy":"post_tag","embeddable":true,"href":"https:\/\/www.adufpb.org.br\/site\/wp-json\/wp\/v2\/tags?post=19584"}],"curies":[{"name":"wp","href":"https:\/\/api.w.org\/{rel}","templated":true}]}}