{"id":19524,"date":"2018-11-19T12:21:53","date_gmt":"2018-11-19T15:21:53","guid":{"rendered":"http:\/\/www.adufpb.org.br\/site\/?p=19524"},"modified":"2018-11-19T12:21:53","modified_gmt":"2018-11-19T15:21:53","slug":"votacao-do-pl-escola-sem-partido-na-camara-dos-deputados-e-adiada","status":"publish","type":"post","link":"https:\/\/www.adufpb.org.br\/site\/votacao-do-pl-escola-sem-partido-na-camara-dos-deputados-e-adiada\/","title":{"rendered":"Vota\u00e7\u00e3o do PL Escola sem Partido na C\u00e2mara dos Deputados \u00e9 adiada"},"content":{"rendered":"<p>A vota\u00e7\u00e3o do Projeto Escola sem Partido foi adiada na \u00faltima ter\u00e7a-feira (13). O PL esteve na pauta da Comiss\u00e3o Especial da C\u00e2mara de Deputados na parte da manh\u00e3 e da tarde.<\/p>\n<p>Ao longo da manh\u00e3, os deputados da oposi\u00e7\u00e3o questionaram a condu\u00e7\u00e3o dos trabalhos da mesa. J\u00e1 os deputados que apoiam o projeto, interrompiam constantemente as falas, o que gerou um clima de confus\u00e3o\u00a0entre os parlamentares.<\/p>\n<p>Na parte da tarde, a atua\u00e7\u00e3o dos parlamentares da oposi\u00e7\u00e3o, dos sindicatos e movimentos sociais contr\u00e1rios ao PL conseguiu adiar a aprecia\u00e7\u00e3o do parecer do relator, deputado Flavinho (PSC-SP). O tema deve ser pautado na pr\u00f3xima semana.<\/p>\n<p>A sess\u00e3o foi suspensa no in\u00edcio da tarde, sem ter sido feita a leitura do parecer. Os trabalhos tiveram de ser interrompidos porque foi aberta a sess\u00e3o no plen\u00e1rio principal da C\u00e2mara.<\/p>\n<p>Muitas pessoas foram impedidas de entrar na C\u00e2mara, devido \u00e0 lota\u00e7\u00e3o do plen\u00e1rio.\u00a0O corredor de acesso \u00e0 sala foi bloqueado por cordas e duas policiais legislativas barravam a passagem de visitantes.<\/p>\n<p>Representantes de sindicatos ligados \u00e0 educa\u00e7\u00e3o estiveram presentes no plen\u00e1rio da comiss\u00e3o para acompanhar a vota\u00e7\u00e3o. Cl\u00e1udio Mendon\u00e7a, 2\u00ba tesoureiro do ANDES-SN e da coordena\u00e7\u00e3o do Grupo de Trabalho de Pol\u00edtica Educacional (GTPE), representou o Sindicato Nacional.<\/p>\n<p>\u201cAs entidades, que estavam presentes, cumpriram um papel importante. Primeiro, ao tentar mostrar mais uma vez, o car\u00e1ter antidemocr\u00e1tico, fascista deste projeto que tenta cercear as liberdades dos docentes e colocar nas costas dos docentes a responsabilidade, que cabe ao Estado, dos problemas graves que a educa\u00e7\u00e3o brasileira possui\u201d, disse. O diretor do ANDES-SN afirmou que as entidades ir\u00e3o aguardar o retorno dos trabalhos na Comiss\u00e3o e que continuar\u00e3o a manifesta\u00e7\u00e3o contra o projeto.<\/p>\n<p><strong>Mudan\u00e7as no PL<\/strong><br \/>\nA sess\u00e3o discutiria o\u00a0substitutivo\u00a0do relator, deputado Flavinho (PSC-SP).\u00a0O texto impede o Poder P\u00fablico de tomar parte \u201cno processo de amadurecimento sexual aos alunos\u201d. Especialistas apontam que o PL vedaria, por exemplo, aulas de educa\u00e7\u00e3o sexual.<\/p>\n<p>No parecer do relator, al\u00e9m das proibi\u00e7\u00f5es aos professores de escolas p\u00fablicas e privadas da educa\u00e7\u00e3o b\u00e1sica, pro\u00edbe-se, no ensino no Brasil, o uso dos termos \u201cg\u00eanero\u201d ou \u201corienta\u00e7\u00e3o sexual\u201d.<\/p>\n<p><em>Fonte:\u00a0ANDES-SN<\/em><\/p>\n<p>&nbsp;<\/p>\n","protected":false},"excerpt":{"rendered":"<p>A vota\u00e7\u00e3o do Projeto Escola sem Partido foi adiada na \u00faltima ter\u00e7a-feira (13). O PL esteve na pauta da Comiss\u00e3o Especial da C\u00e2mara de Deputados na parte da manh\u00e3 e da tarde. Ao longo da manh\u00e3, os deputados da oposi\u00e7\u00e3o questionaram a condu\u00e7\u00e3o dos trabalhos da mesa. J\u00e1 os deputados que apoiam o projeto, interrompiam&hellip;<\/p>\n","protected":false},"author":3,"featured_media":0,"comment_status":"closed","ping_status":"closed","sticky":false,"template":"","format":"standard","meta":{"footnotes":""},"categories":[15],"tags":[520,1177,822],"class_list":["post-19524","post","type-post","status-publish","format-standard","hentry","category-noticias","tag-camara","tag-deputados","tag-escola-sem-partido","category-15","description-off"],"_links":{"self":[{"href":"https:\/\/www.adufpb.org.br\/site\/wp-json\/wp\/v2\/posts\/19524","targetHints":{"allow":["GET"]}}],"collection":[{"href":"https:\/\/www.adufpb.org.br\/site\/wp-json\/wp\/v2\/posts"}],"about":[{"href":"https:\/\/www.adufpb.org.br\/site\/wp-json\/wp\/v2\/types\/post"}],"author":[{"embeddable":true,"href":"https:\/\/www.adufpb.org.br\/site\/wp-json\/wp\/v2\/users\/3"}],"replies":[{"embeddable":true,"href":"https:\/\/www.adufpb.org.br\/site\/wp-json\/wp\/v2\/comments?post=19524"}],"version-history":[{"count":2,"href":"https:\/\/www.adufpb.org.br\/site\/wp-json\/wp\/v2\/posts\/19524\/revisions"}],"predecessor-version":[{"id":19526,"href":"https:\/\/www.adufpb.org.br\/site\/wp-json\/wp\/v2\/posts\/19524\/revisions\/19526"}],"wp:attachment":[{"href":"https:\/\/www.adufpb.org.br\/site\/wp-json\/wp\/v2\/media?parent=19524"}],"wp:term":[{"taxonomy":"category","embeddable":true,"href":"https:\/\/www.adufpb.org.br\/site\/wp-json\/wp\/v2\/categories?post=19524"},{"taxonomy":"post_tag","embeddable":true,"href":"https:\/\/www.adufpb.org.br\/site\/wp-json\/wp\/v2\/tags?post=19524"}],"curies":[{"name":"wp","href":"https:\/\/api.w.org\/{rel}","templated":true}]}}