{"id":1952,"date":"2011-08-18T12:17:42","date_gmt":"2011-08-18T16:17:42","guid":{"rendered":"http:\/\/www.adufpb.org.br\/site\/assembleia-geral-docente-na-ufpb\/"},"modified":"2011-08-18T15:43:57","modified_gmt":"2011-08-18T19:43:57","slug":"assembleia-geral-docente-na-ufpb","status":"publish","type":"post","link":"https:\/\/www.adufpb.org.br\/site\/assembleia-geral-docente-na-ufpb\/","title":{"rendered":"Professores aprovam paralisa\u00e7\u00e3o no dia 24 e indicativo de greve para o dia 25"},"content":{"rendered":"<p style=\"text-align: center;\"><a href=\"http:\/\/www.adufpb.org.br\/site\/wp-content\/uploads\/2011\/08\/ASSEMBLEIA-DOS-DOCENTES-DA-UFPB_18_08_2011_AUDIT\u00d3RIO-DA-REITORIA-07.jpg\"><img loading=\"lazy\" decoding=\"async\" class=\"aligncenter size-large wp-image-1953\" title=\"ASSEMBLEIA DOS DOCENTES DA UFPB_18_08_2011_AUDIT\u00d3RIO DA REITORIA [07]\" src=\"http:\/\/www.adufpb.org.br\/site\/wp-content\/uploads\/2011\/08\/ASSEMBLEIA-DOS-DOCENTES-DA-UFPB_18_08_2011_AUDIT\u00d3RIO-DA-REITORIA-07-1024x311.jpg\" alt=\"ASSEMBLEIA DOS DOCENTES DA UFPB_18_08_2011_AUDIT\u00d3RIO DA REITORIA [07]\" width=\"524\" height=\"159\" srcset=\"https:\/\/www.adufpb.org.br\/site\/wp-content\/uploads\/2011\/08\/ASSEMBLEIA-DOS-DOCENTES-DA-UFPB_18_08_2011_AUDIT\u00d3RIO-DA-REITORIA-07-1024x311.jpg 1024w, https:\/\/www.adufpb.org.br\/site\/wp-content\/uploads\/2011\/08\/ASSEMBLEIA-DOS-DOCENTES-DA-UFPB_18_08_2011_AUDIT\u00d3RIO-DA-REITORIA-07-300x91.jpg 300w\" sizes=\"auto, (max-width: 524px) 100vw, 524px\" \/><\/a><\/p>\n<p style=\"text-align: center;\">\n<p style=\"text-align: justify;\">Os professores da Universidade Federal da Para\u00edba (UFPB) aprovaram em assembleia, nesta quinta-feira (18), paralisa\u00e7\u00e3o geral no dia 24 de agosto (pr\u00f3xima quarta) e indicativo de greve com data para o dia 25 (quinta-feira). Foi votado tamb\u00e9m um calend\u00e1rio de atividades com o objetivo de mobilizar a categoria em torno da campanha salarial 2011.<\/p>\n<p>Na agenda est\u00e1 a participa\u00e7\u00e3o no ato p\u00fablico da campanha \u201c10% do PIB para a Educa\u00e7\u00e3o, J\u00e1!\u201d, que ser\u00e1 realizado amanh\u00e3 (sexta-feira, 19). O movimento pede mudan\u00e7as no Plano Nacional de Educa\u00e7\u00e3o (PNE) 2011-2020 e, na Para\u00edba, conta com um comit\u00ea estadual formado por 21 entidades. Pela manh\u00e3 a mobiliza\u00e7\u00e3o acontece em Jo\u00e3o Pessoa, no Parque Solon de Lucena, \u00e0s 9h. \u00c0 tarde, em Campina Grande, na Pra\u00e7a da Bandeira, a partir das 15h.<\/p>\n<p>Ficou agendada tamb\u00e9m para a pr\u00f3xima ter\u00e7a-feira (23) uma s\u00e9rie de a\u00e7\u00f5es nos campi da UFPB e reuni\u00f5es nos diversos centros de ensino. J\u00e1 na quarta-feira (24), haver\u00e1 uma paralisa\u00e7\u00e3o geral dos docentes. No dia 25 (quinta-feira), os professores voltam a se reunir em assembleia, desta vez para votar o in\u00edcio ou n\u00e3o da greve.<\/p>\n<p>Caso aprovem o movimento, eles podem optar pelo come\u00e7o imediato ou agendar para dia posterior. Na assembleia desta quinta-feira, dos docentes presentes, 53 aprovaram indicativo de greve sem data e 56 votaram a favor do indicativo de greve para o dia 25.<\/p>\n<p><strong>Veja o calend\u00e1rio de atividades:<\/strong><\/p>\n<p><strong>19 de agosto &#8211; <\/strong>Participa\u00e7\u00e3o no ato p\u00fablico da campanha \u201c10% do PIB para a Educa\u00e7\u00e3o, J\u00e1!\u201d<\/p>\n<p>&#8211; 9h, Parque Solon de Lucena, Jo\u00e3o Pessoa<\/p>\n<p>&#8211; 15h, Pra\u00e7a da Bandeira, Campina Grande<\/p>\n<p><strong>23 de agosto &#8211;<\/strong> Mobiliza\u00e7\u00e3o pelo campi, com reuni\u00e3o nos centros de ensino<\/p>\n<p><strong>24 de agosto &#8211; <\/strong>Paralisa\u00e7\u00e3o geral<\/p>\n<p><strong>25 de agosto &#8211;<\/strong> Indicativo de greve e nova assembleia<\/p>\n<p><a href=\"http:\/\/www.adufpb.org.br\/site\/wp-content\/uploads\/2011\/08\/ASSEMBLEIA-DOS-DOCENTES-DA-UFPB_18_08_2011_AUDIT\u00d3RIO-DA-REITORIA-05.jpg\"><img loading=\"lazy\" decoding=\"async\" class=\"aligncenter size-medium wp-image-1950\" title=\"ASSEMBLEIA DOS DOCENTES DA UFPB_18_08_2011_AUDIT\u00d3RIO DA REITORIA [05]\" src=\"http:\/\/www.adufpb.org.br\/site\/wp-content\/uploads\/2011\/08\/ASSEMBLEIA-DOS-DOCENTES-DA-UFPB_18_08_2011_AUDIT\u00d3RIO-DA-REITORIA-05-300x103.jpg\" alt=\"ASSEMBLEIA DOS DOCENTES DA UFPB_18_08_2011_AUDIT\u00d3RIO DA REITORIA [05]\" width=\"300\" height=\"103\" srcset=\"https:\/\/www.adufpb.org.br\/site\/wp-content\/uploads\/2011\/08\/ASSEMBLEIA-DOS-DOCENTES-DA-UFPB_18_08_2011_AUDIT\u00d3RIO-DA-REITORIA-05-300x103.jpg 300w, https:\/\/www.adufpb.org.br\/site\/wp-content\/uploads\/2011\/08\/ASSEMBLEIA-DOS-DOCENTES-DA-UFPB_18_08_2011_AUDIT\u00d3RIO-DA-REITORIA-05-1024x353.jpg 1024w\" sizes=\"auto, (max-width: 300px) 100vw, 300px\" \/><\/a><a href=\"http:\/\/www.adufpb.org.br\/site\/wp-content\/uploads\/2011\/08\/ASSEMBLEIA-DOS-DOCENTES-DA-UFPB_18_08_2011_AUDIT\u00d3RIO-DA-REITORIA-04.jpg\"><img loading=\"lazy\" decoding=\"async\" class=\"aligncenter size-medium wp-image-1949\" title=\"ASSEMBLEIA DOS DOCENTES DA UFPB_18_08_2011_AUDIT\u00d3RIO DA REITORIA [04]\" src=\"http:\/\/www.adufpb.org.br\/site\/wp-content\/uploads\/2011\/08\/ASSEMBLEIA-DOS-DOCENTES-DA-UFPB_18_08_2011_AUDIT\u00d3RIO-DA-REITORIA-04-300x225.jpg\" alt=\"ASSEMBLEIA DOS DOCENTES DA UFPB_18_08_2011_AUDIT\u00d3RIO DA REITORIA [04]\" width=\"300\" height=\"225\" srcset=\"https:\/\/www.adufpb.org.br\/site\/wp-content\/uploads\/2011\/08\/ASSEMBLEIA-DOS-DOCENTES-DA-UFPB_18_08_2011_AUDIT\u00d3RIO-DA-REITORIA-04-300x225.jpg 300w, https:\/\/www.adufpb.org.br\/site\/wp-content\/uploads\/2011\/08\/ASSEMBLEIA-DOS-DOCENTES-DA-UFPB_18_08_2011_AUDIT\u00d3RIO-DA-REITORIA-04-1024x768.jpg 1024w, https:\/\/www.adufpb.org.br\/site\/wp-content\/uploads\/2011\/08\/ASSEMBLEIA-DOS-DOCENTES-DA-UFPB_18_08_2011_AUDIT\u00d3RIO-DA-REITORIA-04.jpg 2048w\" sizes=\"auto, (max-width: 300px) 100vw, 300px\" \/><\/a><a href=\"http:\/\/www.adufpb.org.br\/site\/wp-content\/uploads\/2011\/08\/ASSEMBLEIA-DOS-DOCENTES-DA-UFPB_18_08_2011_AUDIT\u00d3RIO-DA-REITORIA-02.jpg\"><\/a><\/p>\n<p><a href=\"http:\/\/www.adufpb.org.br\/site\/wp-content\/uploads\/2011\/08\/ASSEMBLEIA-DOS-DOCENTES-DA-UFPB_18_08_2011_AUDIT\u00d3RIO-DA-REITORIA-02.jpg\"><img loading=\"lazy\" decoding=\"async\" class=\"aligncenter size-medium wp-image-1947\" title=\"ASSEMBLEIA DOS DOCENTES DA UFPB_18_08_2011_AUDIT\u00d3RIO DA REITORIA [02]\" src=\"http:\/\/www.adufpb.org.br\/site\/wp-content\/uploads\/2011\/08\/ASSEMBLEIA-DOS-DOCENTES-DA-UFPB_18_08_2011_AUDIT\u00d3RIO-DA-REITORIA-02-300x190.jpg\" alt=\"ASSEMBLEIA DOS DOCENTES DA UFPB_18_08_2011_AUDIT\u00d3RIO DA REITORIA [02]\" width=\"300\" height=\"190\" srcset=\"https:\/\/www.adufpb.org.br\/site\/wp-content\/uploads\/2011\/08\/ASSEMBLEIA-DOS-DOCENTES-DA-UFPB_18_08_2011_AUDIT\u00d3RIO-DA-REITORIA-02-300x190.jpg 300w, https:\/\/www.adufpb.org.br\/site\/wp-content\/uploads\/2011\/08\/ASSEMBLEIA-DOS-DOCENTES-DA-UFPB_18_08_2011_AUDIT\u00d3RIO-DA-REITORIA-02-1024x651.jpg 1024w, https:\/\/www.adufpb.org.br\/site\/wp-content\/uploads\/2011\/08\/ASSEMBLEIA-DOS-DOCENTES-DA-UFPB_18_08_2011_AUDIT\u00d3RIO-DA-REITORIA-02.jpg 2048w\" sizes=\"auto, (max-width: 300px) 100vw, 300px\" \/><\/a><\/p>\n<p style=\"text-align: center;\"><a href=\"http:\/\/www.adufpb.org.br\/site\/wp-content\/uploads\/2011\/08\/ASSEMBLEIA-DOS-DOCENTES-DA-UFPB_18_08_2011_AUDIT\u00d3RIO-DA-REITORIA-11.jpg\"><img loading=\"lazy\" decoding=\"async\" class=\"size-medium wp-image-1958 aligncenter\" title=\"ASSEMBLEIA DOS DOCENTES DA UFPB_18_08_2011_AUDIT\u00d3RIO DA REITORIA [11]\" src=\"http:\/\/www.adufpb.org.br\/site\/wp-content\/uploads\/2011\/08\/ASSEMBLEIA-DOS-DOCENTES-DA-UFPB_18_08_2011_AUDIT\u00d3RIO-DA-REITORIA-11-300x225.jpg\" alt=\"ASSEMBLEIA DOS DOCENTES DA UFPB_18_08_2011_AUDIT\u00d3RIO DA REITORIA [11]\" width=\"300\" height=\"225\" srcset=\"https:\/\/www.adufpb.org.br\/site\/wp-content\/uploads\/2011\/08\/ASSEMBLEIA-DOS-DOCENTES-DA-UFPB_18_08_2011_AUDIT\u00d3RIO-DA-REITORIA-11-300x225.jpg 300w, https:\/\/www.adufpb.org.br\/site\/wp-content\/uploads\/2011\/08\/ASSEMBLEIA-DOS-DOCENTES-DA-UFPB_18_08_2011_AUDIT\u00d3RIO-DA-REITORIA-11-1024x768.jpg 1024w, https:\/\/www.adufpb.org.br\/site\/wp-content\/uploads\/2011\/08\/ASSEMBLEIA-DOS-DOCENTES-DA-UFPB_18_08_2011_AUDIT\u00d3RIO-DA-REITORIA-11.jpg 2048w\" sizes=\"auto, (max-width: 300px) 100vw, 300px\" \/><\/a><\/p>\n<p><em>Fonte: Ascom ADUFPB<\/em><\/p>\n","protected":false},"excerpt":{"rendered":"<p>Os professores da Universidade Federal da Para\u00edba (UFPB) aprovaram em assembleia, nesta quinta-feira (18), paralisa\u00e7\u00e3o geral no dia 24 de agosto (pr\u00f3xima quarta) e indicativo de greve com data para o dia 25 (quinta-feira). Foi votado tamb\u00e9m um calend\u00e1rio de atividades com o objetivo de mobilizar a categoria em torno da campanha salarial 2011. Na&hellip;<\/p>\n","protected":false},"author":3,"featured_media":0,"comment_status":"open","ping_status":"open","sticky":false,"template":"","format":"standard","meta":{"footnotes":""},"categories":[15],"tags":[190],"class_list":["post-1952","post","type-post","status-publish","format-standard","hentry","category-noticias","tag-campanha-salarial-2011","category-15","description-off"],"_links":{"self":[{"href":"https:\/\/www.adufpb.org.br\/site\/wp-json\/wp\/v2\/posts\/1952","targetHints":{"allow":["GET"]}}],"collection":[{"href":"https:\/\/www.adufpb.org.br\/site\/wp-json\/wp\/v2\/posts"}],"about":[{"href":"https:\/\/www.adufpb.org.br\/site\/wp-json\/wp\/v2\/types\/post"}],"author":[{"embeddable":true,"href":"https:\/\/www.adufpb.org.br\/site\/wp-json\/wp\/v2\/users\/3"}],"replies":[{"embeddable":true,"href":"https:\/\/www.adufpb.org.br\/site\/wp-json\/wp\/v2\/comments?post=1952"}],"version-history":[{"count":7,"href":"https:\/\/www.adufpb.org.br\/site\/wp-json\/wp\/v2\/posts\/1952\/revisions"}],"predecessor-version":[{"id":1961,"href":"https:\/\/www.adufpb.org.br\/site\/wp-json\/wp\/v2\/posts\/1952\/revisions\/1961"}],"wp:attachment":[{"href":"https:\/\/www.adufpb.org.br\/site\/wp-json\/wp\/v2\/media?parent=1952"}],"wp:term":[{"taxonomy":"category","embeddable":true,"href":"https:\/\/www.adufpb.org.br\/site\/wp-json\/wp\/v2\/categories?post=1952"},{"taxonomy":"post_tag","embeddable":true,"href":"https:\/\/www.adufpb.org.br\/site\/wp-json\/wp\/v2\/tags?post=1952"}],"curies":[{"name":"wp","href":"https:\/\/api.w.org\/{rel}","templated":true}]}}