{"id":19504,"date":"2018-11-12T11:10:53","date_gmt":"2018-11-12T14:10:53","guid":{"rendered":"http:\/\/www.adufpb.org.br\/site\/?p=19504"},"modified":"2018-11-12T11:10:53","modified_gmt":"2018-11-12T14:10:53","slug":"senado-corta-metade-dos-recursos-do-pre-sal-que-iriam-para-educacao-e-saude","status":"publish","type":"post","link":"https:\/\/www.adufpb.org.br\/site\/senado-corta-metade-dos-recursos-do-pre-sal-que-iriam-para-educacao-e-saude\/","title":{"rendered":"Senado corta metade dos recursos do pr\u00e9-sal que iriam para educa\u00e7\u00e3o e sa\u00fade"},"content":{"rendered":"<p>Na \u00faltima quarta-feira (7), o Senado aprovou um corte de 50% das fontes de recursos do Fundo Social do Pr\u00e9-Sal. O Fundo foi criado para ampliar os investimentos nas \u00e1reas de Educa\u00e7\u00e3o e Sa\u00fade.<\/p>\n<p>Os senadores, por meio do Projeto de Lei do Senado (PLS) 209\/15, definiram que metade dos recursos que iriam para o Fundo Social ser\u00e3o destinados ao Brasduto (20%), voltado para a expans\u00e3o da rede de gasodutos, e 30% para os fundos de participa\u00e7\u00e3o dos Estados e Munic\u00edpios. O projeto ainda precisa ser votado na C\u00e2mara dos Deputados.<\/p>\n<p>Antonio Gon\u00e7alves, presidente do ANDES-SN, afirma que o desvio dos recursos do Fundo \u00e9 um grande ataque a educa\u00e7\u00e3o brasileira e demonstra insensibilidade, por parte dos senadores, diante da necessidade de investimento em \u00e1reas sociais. \u201c\u00c9 um corte para privilegiar o grande capital rentista brasileiro e a posi\u00e7\u00e3o do nosso sindicato \u00e9 denunciar a\u00e7\u00f5es como essas e conclamar a o enfrentamento a todo ataque \u00e0 educa\u00e7\u00e3o publica. N\u00f3s temos como princ\u00edpio a defesa da educa\u00e7\u00e3o p\u00fablica com financiamento estatal e diante da crise econ\u00f4mica, fruto de uma crise estrutural do capitalismo, a classe trabalhadora mais uma vez est\u00e1 pagando a conta\u201d.<\/p>\n<p><strong>Fundo Social do Pr\u00e9-Sal<\/strong><\/p>\n<p>O Fundo Social do Pr\u00e9-Sal, criado em 2010, \u00e9 uma reserva de longo prazo para investimentos em cultura, esportes, educa\u00e7\u00e3o, sa\u00fade p\u00fablica, ci\u00eancia e tecnologia e meio ambiente, com recursos da explora\u00e7\u00e3o de petr\u00f3leo e g\u00e1s no pa\u00eds. Em 2013, o governo federal sancionou lei que previa que 50% dos recursos do Fundo fossem destinados para educa\u00e7\u00e3o.<\/p>\n<p><strong>Pr\u00e9-sal bate recorde<\/strong><\/p>\n<p>A produ\u00e7\u00e3o do pr\u00e9-sal em setembro bateu novo recorde \u2013 com 1,783 milh\u00e3o de barris por dia \u2013 e chegou a 55,8% da produ\u00e7\u00e3o nacional, segundo a Ag\u00eancia Nacional do Petr\u00f3leo (ANP).<\/p>\n<p><em>Fonte:\u00a0ANDES-SN<\/em><\/p>\n<p>&nbsp;<\/p>\n","protected":false},"excerpt":{"rendered":"<p>Na \u00faltima quarta-feira (7), o Senado aprovou um corte de 50% das fontes de recursos do Fundo Social do Pr\u00e9-Sal. O Fundo foi criado para ampliar os investimentos nas \u00e1reas de Educa\u00e7\u00e3o e Sa\u00fade. Os senadores, por meio do Projeto de Lei do Senado (PLS) 209\/15, definiram que metade dos recursos que iriam para o&hellip;<\/p>\n","protected":false},"author":3,"featured_media":0,"comment_status":"closed","ping_status":"closed","sticky":false,"template":"","format":"standard","meta":{"footnotes":""},"categories":[15],"tags":[216,155,1176],"class_list":["post-19504","post","type-post","status-publish","format-standard","hentry","category-noticias","tag-educacao","tag-saude","tag-senado-pre-sal","category-15","description-off"],"_links":{"self":[{"href":"https:\/\/www.adufpb.org.br\/site\/wp-json\/wp\/v2\/posts\/19504","targetHints":{"allow":["GET"]}}],"collection":[{"href":"https:\/\/www.adufpb.org.br\/site\/wp-json\/wp\/v2\/posts"}],"about":[{"href":"https:\/\/www.adufpb.org.br\/site\/wp-json\/wp\/v2\/types\/post"}],"author":[{"embeddable":true,"href":"https:\/\/www.adufpb.org.br\/site\/wp-json\/wp\/v2\/users\/3"}],"replies":[{"embeddable":true,"href":"https:\/\/www.adufpb.org.br\/site\/wp-json\/wp\/v2\/comments?post=19504"}],"version-history":[{"count":1,"href":"https:\/\/www.adufpb.org.br\/site\/wp-json\/wp\/v2\/posts\/19504\/revisions"}],"predecessor-version":[{"id":19505,"href":"https:\/\/www.adufpb.org.br\/site\/wp-json\/wp\/v2\/posts\/19504\/revisions\/19505"}],"wp:attachment":[{"href":"https:\/\/www.adufpb.org.br\/site\/wp-json\/wp\/v2\/media?parent=19504"}],"wp:term":[{"taxonomy":"category","embeddable":true,"href":"https:\/\/www.adufpb.org.br\/site\/wp-json\/wp\/v2\/categories?post=19504"},{"taxonomy":"post_tag","embeddable":true,"href":"https:\/\/www.adufpb.org.br\/site\/wp-json\/wp\/v2\/tags?post=19504"}],"curies":[{"name":"wp","href":"https:\/\/api.w.org\/{rel}","templated":true}]}}