{"id":19412,"date":"2018-11-01T12:01:59","date_gmt":"2018-11-01T15:01:59","guid":{"rendered":"http:\/\/www.adufpb.org.br\/site\/?p=19412"},"modified":"2018-11-01T12:45:21","modified_gmt":"2018-11-01T15:45:21","slug":"seminario-na-ufpb-debatera-crise-politica-e-estado-no-brasil-dias-5-e-6-de-novembro","status":"publish","type":"post","link":"https:\/\/www.adufpb.org.br\/site\/seminario-na-ufpb-debatera-crise-politica-e-estado-no-brasil-dias-5-e-6-de-novembro\/","title":{"rendered":"Projeto Realidade Brasileira e Universidade realiza debate segunda-feira sobre a crise pol\u00edtica"},"content":{"rendered":"<div id=\"PAGES_CONTAINERcenteredContent\">\n<div id=\"PAGES_CONTAINERinlineContent\">\n<div id=\"SITE_PAGES\">\n<div id=\"cl4b\" data-ismobile=\"false\" data-is-mesh-layout=\"false\">\n<div id=\"cl4binlineContent\">\n<div id=\"WRchTxt3j\" data-packed=\"true\">\n<p><a href=\"http:\/\/www.adufpb.org.br\/site\/wp-content\/uploads\/2018\/11\/realidade-brasileira-e-universidade-crise-pol\u00edtica-e-o-Estado-no-Brasil.jpeg\"><img loading=\"lazy\" decoding=\"async\" class=\"alignright size-medium wp-image-19417\" alt=\"realidade brasileira e universidade - crise pol\u00edtica e o Estado no Brasil\" src=\"http:\/\/www.adufpb.org.br\/site\/wp-content\/uploads\/2018\/11\/realidade-brasileira-e-universidade-crise-pol\u00edtica-e-o-Estado-no-Brasil-211x300.jpeg\" width=\"211\" height=\"300\" srcset=\"https:\/\/www.adufpb.org.br\/site\/wp-content\/uploads\/2018\/11\/realidade-brasileira-e-universidade-crise-pol\u00edtica-e-o-Estado-no-Brasil-211x300.jpeg 211w, https:\/\/www.adufpb.org.br\/site\/wp-content\/uploads\/2018\/11\/realidade-brasileira-e-universidade-crise-pol\u00edtica-e-o-Estado-no-Brasil-723x1024.jpeg 723w, https:\/\/www.adufpb.org.br\/site\/wp-content\/uploads\/2018\/11\/realidade-brasileira-e-universidade-crise-pol\u00edtica-e-o-Estado-no-Brasil.jpeg 904w\" sizes=\"auto, (max-width: 211px) 100vw, 211px\" \/><\/a>O projeto Realidade Brasileira e Universidade realiza mais uma edi\u00e7\u00e3o na pr\u00f3xima segunda-feira, 5 de novembro. A palestra ocorrer\u00e1 \u00e0s 18h, no audit\u00f3rio 411 do CCHLA, e ter\u00e1 como tema\u00a0\u201cReforma e Crise Pol\u00edtica no Brasil\u201d. O evento ser\u00e1 ministrado pelo professor Armando Boito, da Unicamp, e contar\u00e1 com a media\u00e7\u00e3o do professor Jorge Fernando Hermida (do\u00a0Programa de P\u00f3s-gradua\u00e7\u00e3o em Educa\u00e7\u00e3o da UFPB) e participa\u00e7\u00e3o do professor Jaldes Meneses (Departamento de Hist\u00f3ria da UFPB).<\/p>\n<p>A atividade est\u00e1 sendo realizada em parceria com\u00a0Diret\u00f3rio de Pesquisa &#8220;Educa\u00e7\u00e3o, Pol\u00edticas P\u00fablicas e Mundo do Trabalho&#8221;, coordenado pelo Prof. Dr. Jorge Fernando Hermida (DEF\/PPGE\/UFPB), e integra a programa\u00e7\u00e3o do\u00a0II Semin\u00e1rio &#8220;Crise Pol\u00edtica e Estado no Brasil: cr\u00edticas Marxistas&#8221;, que acontece dias 5 e 6 de novembro na UFPB.<\/p>\n<p>Trata-se de um evento acad\u00eamico que tem como finalidade fazer um debate cr\u00edtico e construtivo a respeito do dif\u00edcil momento que o pa\u00eds est\u00e1 vivendo, a partir da contribui\u00e7\u00e3o dos nossos pensadores progressistas. Sempre focando dialogar com a realidade, desde perspectivas marxistas.<\/p>\n<\/div>\n<p data-packed=\"true\">As inscri\u00e7\u00f5es s\u00e3o gratuitas e ser\u00e3o aceitas at\u00e9 o dia do evento ou at\u00e9 esgotar o limite de 300 inscri\u00e7\u00f5es. <a href=\"https:\/\/eppmtufpb.wixsite.com\/ppge\/eventos\" target=\"_blank\">Clique aqui para se inscrever<\/a>.<\/p>\n<p data-packed=\"true\">Confira abaixo a programa\u00e7\u00e3o completa do semin\u00e1rio:<\/p>\n<p data-packed=\"true\"><strong>DATA:<\/strong> 05 e 06 de novembro de 2018<br \/>\n<strong>LOCAL:<\/strong> Audit\u00f3rio 411 do CCHLA &#8211; Universidade Federal da Para\u00edba, Campus I<\/p>\n<p data-packed=\"true\"><strong>05 de novembro &#8211; Segunda-feira<\/strong><\/p>\n<p data-packed=\"true\">12h \u00e0s 14h &#8211; Credenciamento<\/p>\n<p data-packed=\"true\">14h &#8211; Mesa de abertura: Representantes da Reitoria da UFPB, do Centro de Educa\u00e7\u00e3o, do PPGE, da ADUFPB e do Diret\u00f3rio de Pesquisa \u201cEduca\u00e7\u00e3o, Pol\u00edticas P\u00fablicas e Mundo do Trabalho\u201d.<\/p>\n<p data-packed=\"true\">14h45 \u00e0s 17h &#8211; Mesa I: \u201cCrise Estrutural do Capital e seus Reflexos no Brasil\u201d \u2013 Jos\u00e9 Artigas (UFPB) e Jaldes Reis de Menezes (UFPB). Mediadora: prof. Cristiane de Assis (Uninassau).<\/p>\n<p data-packed=\"true\">18h \u00e0s 21h &#8211; Palestra I: \u201cReforma e Crise Pol\u00edtica no Brasil\u201d \u2013 Armando Boito (UNICAMP). Mediador: prof. Jorge Fernando Hermida (UFPB) e prof. Jaldes Meneses (UFPB).<\/p>\n<p data-packed=\"true\">21h \u00e0s 22h &#8211; Lan\u00e7amento do livro \u201cCrise Pol\u00edtica no Brasil\u201d do prof. Armando Boito.<\/p>\n<p data-packed=\"true\"><strong>06 de novembro &#8211; Ter\u00e7a-feira<\/strong><\/p>\n<p data-packed=\"true\">9h \u00e0s 12h &#8211; Mesa II: \u201cPedagogia Socialista x Pedagogia do mercado e da Escola sem Partido\u201d. Palestrante: Geraldo Baldu\u00edno Horn (UFPR), Cristiano Bonneau (ADUFPB) e Jailton Lira (ADUFAL).<\/p>\n<p data-packed=\"true\">13h \u00e0s 15h &#8211; Mesa III: \u201cInclus\u00e3o, g\u00eanero, feminismo e o avan\u00e7o do conservadorismo pol\u00edtico no Brasil\u201d. Janine Coelho (UFPB), Heloisa Souza (MMM) e Ivonildes Fonseca (UEPB). Mediadora: Profa. L\u00edvia Serafim (UEPB).<\/p>\n<p data-packed=\"true\">15:30h \u00e0s 17:30h &#8211; Mesa IV: \u201cEduca\u00e7\u00e3o, trabalho e lutas de classes\u201d. Jos\u00e9 Francisco de Melo Neto (UFPB), Marcelo Sitcovsky (ADUBPB) e Wilson Honorato Arag\u00e3o (UFPB). Mediador: Prof. Fernando Augusto Generino Soares (UFPB).<\/p>\n<p data-packed=\"true\">18h \u00e0s 21h &#8211; Mesa V: \u201cEstrat\u00e9gia e Revolu\u00e7\u00e3o Socialista no S\u00e9culo XXI\u201d. Romildo Raposo Fernandes (ADUFPB), Jonas Duarte (Hist\u00f3ria\/UFPB) e Regina Celia (PPGH\/UFPB). Mediador: Prof. Jorge Fernando Hermida (UFPB).<\/p>\n<p data-packed=\"true\">20h30 &#8211; ENCERRAMENTO<\/p>\n<p data-packed=\"true\"><em>Fonte: Organiza\u00e7\u00e3o do evento<\/em><\/p>\n<\/div>\n<\/div>\n<\/div>\n<\/div>\n<\/div>\n","protected":false},"excerpt":{"rendered":"<p>O projeto Realidade Brasileira e Universidade realiza mais uma edi\u00e7\u00e3o na pr\u00f3xima segunda-feira, 5 de novembro. A palestra ocorrer\u00e1 \u00e0s 18h, no audit\u00f3rio 411 do CCHLA, e ter\u00e1 como tema\u00a0\u201cReforma e Crise Pol\u00edtica no Brasil\u201d. O evento ser\u00e1 ministrado pelo professor Armando Boito, da Unicamp, e contar\u00e1 com a media\u00e7\u00e3o do professor Jorge Fernando Hermida&hellip;<\/p>\n","protected":false},"author":3,"featured_media":0,"comment_status":"closed","ping_status":"closed","sticky":false,"template":"","format":"standard","meta":{"footnotes":""},"categories":[15],"tags":[902],"class_list":["post-19412","post","type-post","status-publish","format-standard","hentry","category-noticias","tag-realidade-brasileira-e-universidade","category-15","description-off"],"_links":{"self":[{"href":"https:\/\/www.adufpb.org.br\/site\/wp-json\/wp\/v2\/posts\/19412","targetHints":{"allow":["GET"]}}],"collection":[{"href":"https:\/\/www.adufpb.org.br\/site\/wp-json\/wp\/v2\/posts"}],"about":[{"href":"https:\/\/www.adufpb.org.br\/site\/wp-json\/wp\/v2\/types\/post"}],"author":[{"embeddable":true,"href":"https:\/\/www.adufpb.org.br\/site\/wp-json\/wp\/v2\/users\/3"}],"replies":[{"embeddable":true,"href":"https:\/\/www.adufpb.org.br\/site\/wp-json\/wp\/v2\/comments?post=19412"}],"version-history":[{"count":5,"href":"https:\/\/www.adufpb.org.br\/site\/wp-json\/wp\/v2\/posts\/19412\/revisions"}],"predecessor-version":[{"id":19415,"href":"https:\/\/www.adufpb.org.br\/site\/wp-json\/wp\/v2\/posts\/19412\/revisions\/19415"}],"wp:attachment":[{"href":"https:\/\/www.adufpb.org.br\/site\/wp-json\/wp\/v2\/media?parent=19412"}],"wp:term":[{"taxonomy":"category","embeddable":true,"href":"https:\/\/www.adufpb.org.br\/site\/wp-json\/wp\/v2\/categories?post=19412"},{"taxonomy":"post_tag","embeddable":true,"href":"https:\/\/www.adufpb.org.br\/site\/wp-json\/wp\/v2\/tags?post=19412"}],"curies":[{"name":"wp","href":"https:\/\/api.w.org\/{rel}","templated":true}]}}