{"id":19403,"date":"2018-10-31T20:44:03","date_gmt":"2018-10-31T23:44:03","guid":{"rendered":"http:\/\/www.adufpb.org.br\/site\/?p=19403"},"modified":"2018-10-31T20:44:03","modified_gmt":"2018-10-31T23:44:03","slug":"atencao-bar-aula-extra-muda-de-lugar-e-acontece-na-sede-sociocultural-da-adufpb","status":"publish","type":"post","link":"https:\/\/www.adufpb.org.br\/site\/atencao-bar-aula-extra-muda-de-lugar-e-acontece-na-sede-sociocultural-da-adufpb\/","title":{"rendered":"Aten\u00e7\u00e3o! Bar Aula Extra muda de lugar e acontece na Sede Sociocultural da ADUFPB"},"content":{"rendered":"<p>Evento encerra a programa\u00e7\u00e3o cultural dos 40 anos da ADUFPB<\/p>\n<p>A programa\u00e7\u00e3o cultural das comemora\u00e7\u00f5es dos 40 anos de luta da ADUFPB \u2013 Se\u00e7\u00e3o sindical do ANDES na Para\u00edba faz uma homenagem ao Bar Aula Extra, encontro eventual realizado pelos docentes da UFPB na sede do sindicato, no Campus I da UFPB nos anos de 1980. O Bar Aula Extra era um point para descontrair e colocar em dia um bom papo sobre poesia, ci\u00eancia e, claro, pol\u00edtica sindical!<\/p>\n<p>O Bar Aula Extra que ser\u00e1 aberto nesta quinta-feira, 01 de novembro, a partir das 18 horas, encerra uma s\u00e9rie de atividades realizadas nos \u00faltimos 15 dias como parte da programa\u00e7\u00e3o pol\u00edtica-cultural dos 40 anos do sindicato dos docentes da UFPB, fundado em 1978.<\/p>\n<p>E para animar o encontro dos docentes no Bar Aula Extra, a banda Espanta-c\u00e3o reservou um repert\u00f3rio especial, com m\u00fasicas de \u00e9poca e atuais para a nova gera\u00e7\u00e3o de professores e professoras. A Espanta-c\u00e3o \u00e9 liderada pelo professor Daniel Chacon, do campus IV, Litoral Norte, e, como sempre, vai embalar m\u00fasicas para deixar todo mundo fora das mesas!!!<\/p>\n<p>Esta edi\u00e7\u00e3o especial do Bar Aula Extra, que estava inicialmente marcada para acontecer na sede da ADUFPB, no Centro de Viv\u00eancia, foi transferida para ser realizada na sede sociocultural do sindicato, localizada na Praia do Cabo Branco. A mudan\u00e7a foi necess\u00e1ria para dar mais conforto e espa\u00e7o para os filiados e seus familiares.<\/p>\n<p>Ent\u00e3o, agora s\u00f3 falta voc\u00ea participar, curtir e, se \u201cfor das antigas\u201d, relembrar os bons momentos do Bar Aula Extra da ADUFPB.<\/p>\n<p><strong>AGENDE-SE<\/strong><br \/>\nBAR AULA EXTRA com a Banda Espanta-c\u00e3o<br \/>\nDia 01\/11\/2018 \u2013 Quinta-feira<br \/>\nA partir das 18 horas<br \/>\nNa sede sociocultural da ADUFPB.<\/p>\n<p><em>FONTE: ASCOM ADUFPB<\/em><\/p>\n<p>&nbsp;<\/p>\n","protected":false},"excerpt":{"rendered":"<p>Evento encerra a programa\u00e7\u00e3o cultural dos 40 anos da ADUFPB A programa\u00e7\u00e3o cultural das comemora\u00e7\u00f5es dos 40 anos de luta da ADUFPB \u2013 Se\u00e7\u00e3o sindical do ANDES na Para\u00edba faz uma homenagem ao Bar Aula Extra, encontro eventual realizado pelos docentes da UFPB na sede do sindicato, no Campus I da UFPB nos anos de&hellip;<\/p>\n","protected":false},"author":8,"featured_media":19404,"comment_status":"closed","ping_status":"closed","sticky":false,"template":"","format":"standard","meta":{"footnotes":""},"categories":[3,15,417],"tags":[1158,895],"class_list":["post-19403","post","type-post","status-publish","format-standard","has-post-thumbnail","hentry","category-adufpb","category-noticias","category-noticias-destaque","tag-40-anos","tag-adufpb-2","category-3","category-15","category-417","description-off"],"_links":{"self":[{"href":"https:\/\/www.adufpb.org.br\/site\/wp-json\/wp\/v2\/posts\/19403","targetHints":{"allow":["GET"]}}],"collection":[{"href":"https:\/\/www.adufpb.org.br\/site\/wp-json\/wp\/v2\/posts"}],"about":[{"href":"https:\/\/www.adufpb.org.br\/site\/wp-json\/wp\/v2\/types\/post"}],"author":[{"embeddable":true,"href":"https:\/\/www.adufpb.org.br\/site\/wp-json\/wp\/v2\/users\/8"}],"replies":[{"embeddable":true,"href":"https:\/\/www.adufpb.org.br\/site\/wp-json\/wp\/v2\/comments?post=19403"}],"version-history":[{"count":2,"href":"https:\/\/www.adufpb.org.br\/site\/wp-json\/wp\/v2\/posts\/19403\/revisions"}],"predecessor-version":[{"id":19406,"href":"https:\/\/www.adufpb.org.br\/site\/wp-json\/wp\/v2\/posts\/19403\/revisions\/19406"}],"wp:featuredmedia":[{"embeddable":true,"href":"https:\/\/www.adufpb.org.br\/site\/wp-json\/wp\/v2\/media\/19404"}],"wp:attachment":[{"href":"https:\/\/www.adufpb.org.br\/site\/wp-json\/wp\/v2\/media?parent=19403"}],"wp:term":[{"taxonomy":"category","embeddable":true,"href":"https:\/\/www.adufpb.org.br\/site\/wp-json\/wp\/v2\/categories?post=19403"},{"taxonomy":"post_tag","embeddable":true,"href":"https:\/\/www.adufpb.org.br\/site\/wp-json\/wp\/v2\/tags?post=19403"}],"curies":[{"name":"wp","href":"https:\/\/api.w.org\/{rel}","templated":true}]}}