{"id":19397,"date":"2018-10-31T20:16:13","date_gmt":"2018-10-31T23:16:13","guid":{"rendered":"http:\/\/www.adufpb.org.br\/site\/?p=19397"},"modified":"2018-10-31T20:16:13","modified_gmt":"2018-10-31T23:16:13","slug":"votacao-do-projeto-da-escola-sem-partido-em-comissao-e-adiada","status":"publish","type":"post","link":"https:\/\/www.adufpb.org.br\/site\/votacao-do-projeto-da-escola-sem-partido-em-comissao-e-adiada\/","title":{"rendered":"Vota\u00e7\u00e3o do projeto da Escola sem Partido em comiss\u00e3o \u00e9 adiada"},"content":{"rendered":"<p><a href=\"http:\/\/www.adufpb.org.br\/site\/wp-content\/uploads\/2018\/10\/vota\u00e7\u00e3o-escola-sem-partido-2018.10.31.jpg\"><img loading=\"lazy\" decoding=\"async\" class=\"alignright size-medium wp-image-19398\" alt=\"vota\u00e7\u00e3o escola sem partido - 2018.10.31\" src=\"http:\/\/www.adufpb.org.br\/site\/wp-content\/uploads\/2018\/10\/vota\u00e7\u00e3o-escola-sem-partido-2018.10.31-300x196.jpg\" width=\"300\" height=\"196\" srcset=\"https:\/\/www.adufpb.org.br\/site\/wp-content\/uploads\/2018\/10\/vota\u00e7\u00e3o-escola-sem-partido-2018.10.31-300x196.jpg 300w, https:\/\/www.adufpb.org.br\/site\/wp-content\/uploads\/2018\/10\/vota\u00e7\u00e3o-escola-sem-partido-2018.10.31.jpg 459w\" sizes=\"auto, (max-width: 300px) 100vw, 300px\" \/><\/a>A vota\u00e7\u00e3o em comiss\u00e3o especial do Projeto de Lei (PL) 7180\/14, da Escola Sem Partido, foi adiada na tarde desta quarta (31). O adiamento foi anunciado pelo presidente da comiss\u00e3o, deputado Marcos Rog\u00e9rio (DEM-RO), devido ao in\u00edcio da Ordem do Dia do Plen\u00e1rio da C\u00e2mara.\u00a0\u00a0Nova reuni\u00e3o ser\u00e1 convocada para a pr\u00f3xima semana, mas ainda h\u00e1 a possibilidade de um pedido de vista adiar novamente a vota\u00e7\u00e3o.<\/p>\n<p>Representantes de sindicatos ligados \u00e0 educa\u00e7\u00e3o lotaram o plen\u00e1rio da comiss\u00e3o para protestar contra a mat\u00e9ria. Estavam presentes o ANDES-SN, a Fasubra e o Sinasefe, al\u00e9m da Uni\u00e3o Nacional dos Estudantes (UNE), da Uni\u00e3o Brasileira de Estudantes Secundaristas (Ubes) e do Movimento Educa\u00e7\u00e3o Democr\u00e1tica. Muitas pessoas ficaram de fora da sala, devido \u00e0 lota\u00e7\u00e3o do plen\u00e1rio.<\/p>\n<p>Raquel Ara\u00fajo, 1\u00aa tesoureira do ANDES-SN e uma das coordenadoras do Grupo de Trabalho de Pol\u00edtica Educacional (GTPE) do Sindicato Nacional, avaliou positivamente o adiamento da reuni\u00e3o e tamb\u00e9m a capacidade de mobiliza\u00e7\u00e3o das entidades e movimentos sociais contr\u00e1rios ao projeto de censura.<\/p>\n<p>\u201cO cancelamento pode ser considerado, nas condi\u00e7\u00f5es adversas atuais, uma vit\u00f3ria. Muito parcial, mas uma vit\u00f3ria. A ideia era garantir que o projeto n\u00e3o fosse votado hoje, para termos mais tempo para organizar a resist\u00eancia\u201d, afirmou a docente. \u201cFoi importante a mobiliza\u00e7\u00e3o feita em um curto espa\u00e7o de tempo, superior \u00e0s nossas expectativas. H\u00e1 a disposi\u00e7\u00e3o de professores e estudantes para lutar contra esse projeto\u201d, completou Raquel, que esteve presente na comiss\u00e3o da C\u00e2mara.<\/p>\n<p><strong>Reuni\u00e3o fechada<\/strong><\/p>\n<p>Marcos Rog\u00e9rio n\u00e3o descarta a hip\u00f3tese de a nova reuni\u00e3o ser fechada ao p\u00fablico. \u201cO Regimento prev\u00ea como regra geral a sess\u00e3o aberta, mas, se voc\u00ea tiver um ambiente que impossibilite os trabalhos dos parlamentares por manifesta\u00e7\u00f5es que extrapolem as regras regimentais e legais, o pr\u00f3prio Regimento d\u00e1 as dire\u00e7\u00f5es para o funcionamento da comiss\u00e3o\u201d, disse. A deputada Maria do Ros\u00e1rio (PT-RS) afirmou que a oposi\u00e7\u00e3o n\u00e3o aceitar\u00e1 que a reuni\u00e3o seja fechada. \u201c\u00c9 inconstitucional fechar a reuni\u00e3o; a Constitui\u00e7\u00e3o diz que os atos do Parlamento s\u00e3o obrigatoriamente p\u00fablicos\u201d, destacou.<\/p>\n<p><strong>Reuni\u00e3o da Frente Nacional Escola sem Morda\u00e7a<\/strong><\/p>\n<p>A Frente Nacional Escola sem Morda\u00e7a ir\u00e1 se reunir na quinta-feira (1\u00ba de novembro), na sede do ANDES-SN em Bras\u00edlia (DF) a partir das 14h. A reuni\u00e3o ir\u00e1 avaliar o adiamento da vota\u00e7\u00e3o do PL na comiss\u00e3o e preparar os pr\u00f3ximos passos da resist\u00eancia ao projeto de censura.<\/p>\n<p>\u201cVamos discutir o relan\u00e7amento dessa frente, que ficou parada por um tempo. Diante da nova situa\u00e7\u00e3o de ataques e amea\u00e7as \u00e0s universidades, que colocam a educa\u00e7\u00e3o sob mira, estamos avaliando que \u00e9 necess\u00e1rio rearticular a frente. Dar outro formato a ela, que permita ampliar a interven\u00e7\u00e3o a partir dos grupos que est\u00e3o mais organizados. Vamos incorporar de maneira mais din\u00e2mica o Movimento Por Uma Educa\u00e7\u00e3o Democr\u00e1tica, do qual faz parte o professor Fernando Penna\u201d, afirma Raquel Ara\u00fajo.<\/p>\n<p>A 1\u00aa tesoureira do ANDES-SN refor\u00e7a o chamado para que as entidades nacionais possam garantir sua presen\u00e7a na reuni\u00e3o. \u201cAgora precisamos fazer um trabalho cientifico sobre nossos pr\u00f3ximos passos. S\u00e3o muitos ataques, e ataques coordenados, e precisamos atuar em v\u00e1rias frentes para garantir que a educa\u00e7\u00e3o seja mantida como um bem p\u00fablico\u201d, completa Raquel.<\/p>\n<p><em>Com informa\u00e7\u00f5es e imagem de Ag\u00eancia C\u00e2mara.<\/em><\/p>\n<p><em>Fonte:\u00a0ANDES-SN<\/em><\/p>\n<p>&nbsp;<\/p>\n","protected":false},"excerpt":{"rendered":"<p>A vota\u00e7\u00e3o em comiss\u00e3o especial do Projeto de Lei (PL) 7180\/14, da Escola Sem Partido, foi adiada na tarde desta quarta (31). O adiamento foi anunciado pelo presidente da comiss\u00e3o, deputado Marcos Rog\u00e9rio (DEM-RO), devido ao in\u00edcio da Ordem do Dia do Plen\u00e1rio da C\u00e2mara.\u00a0\u00a0Nova reuni\u00e3o ser\u00e1 convocada para a pr\u00f3xima semana, mas ainda h\u00e1&hellip;<\/p>\n","protected":false},"author":3,"featured_media":0,"comment_status":"closed","ping_status":"closed","sticky":false,"template":"","format":"standard","meta":{"footnotes":""},"categories":[15],"tags":[822],"class_list":["post-19397","post","type-post","status-publish","format-standard","hentry","category-noticias","tag-escola-sem-partido","category-15","description-off"],"_links":{"self":[{"href":"https:\/\/www.adufpb.org.br\/site\/wp-json\/wp\/v2\/posts\/19397","targetHints":{"allow":["GET"]}}],"collection":[{"href":"https:\/\/www.adufpb.org.br\/site\/wp-json\/wp\/v2\/posts"}],"about":[{"href":"https:\/\/www.adufpb.org.br\/site\/wp-json\/wp\/v2\/types\/post"}],"author":[{"embeddable":true,"href":"https:\/\/www.adufpb.org.br\/site\/wp-json\/wp\/v2\/users\/3"}],"replies":[{"embeddable":true,"href":"https:\/\/www.adufpb.org.br\/site\/wp-json\/wp\/v2\/comments?post=19397"}],"version-history":[{"count":1,"href":"https:\/\/www.adufpb.org.br\/site\/wp-json\/wp\/v2\/posts\/19397\/revisions"}],"predecessor-version":[{"id":19399,"href":"https:\/\/www.adufpb.org.br\/site\/wp-json\/wp\/v2\/posts\/19397\/revisions\/19399"}],"wp:attachment":[{"href":"https:\/\/www.adufpb.org.br\/site\/wp-json\/wp\/v2\/media?parent=19397"}],"wp:term":[{"taxonomy":"category","embeddable":true,"href":"https:\/\/www.adufpb.org.br\/site\/wp-json\/wp\/v2\/categories?post=19397"},{"taxonomy":"post_tag","embeddable":true,"href":"https:\/\/www.adufpb.org.br\/site\/wp-json\/wp\/v2\/tags?post=19397"}],"curies":[{"name":"wp","href":"https:\/\/api.w.org\/{rel}","templated":true}]}}