{"id":19384,"date":"2018-10-31T12:12:45","date_gmt":"2018-10-31T15:12:45","guid":{"rendered":"http:\/\/www.adufpb.org.br\/site\/?p=19384"},"modified":"2018-10-31T12:12:45","modified_gmt":"2018-10-31T15:12:45","slug":"prioridade-de-bolsonaro-e-aprovar-reforma-da-previdencia-ainda-em-2018","status":"publish","type":"post","link":"https:\/\/www.adufpb.org.br\/site\/prioridade-de-bolsonaro-e-aprovar-reforma-da-previdencia-ainda-em-2018\/","title":{"rendered":"Prioridade de Bolsonaro \u00e9 aprovar Reforma da Previd\u00eancia ainda em 2018"},"content":{"rendered":"<p>Dois dias depois da elei\u00e7\u00e3o, Jair Bolsonaro afirma que sua prioridade \u00e9 aprovar a Reforma da Previd\u00eancia de Michel Temer. Detalhe, ele quer que a aprova\u00e7\u00e3o ocorra ainda este ano. Em entrevista \u00e0 TV Record, Bolsonaro afirmou: \u201cBuscaremos junto ao presidente Michel Temer aprovar alguma coisa, uma parte da Reforma da Previd\u00eancia que est\u00e1 sendo proposta, porque evitaria problemas para o futuro governo, que no caso seria o meu\u201d.<\/p>\n<p>Dizendo conhecer bem a equipe que trabalha com o atual presidente, Bolsonaro disse que desembarca na semana que vem em Bras\u00edlia para tratar do tema.<\/p>\n<p>Ainda no domingo (28), o futuro ministro da economia (atual fazenda), Paulo Guedes, j\u00e1 tinha dito que a prioridade seria aprovar a Reforma. \u201cO primeiro grande item \u00e9 a previd\u00eancia, precisamos de uma Reforma da Previd\u00eancia\u201d, disse o futuro ministro, que \u00e9 investigado pelo Minist\u00e9rio P\u00fablico Federal (MPF) por fraudes na gest\u00e3o de fundos de pens\u00e3o.<\/p>\n<p>Na segunda-feira (29), entretanto, Onyx Lorenzoni apresentou uma posi\u00e7\u00e3o diferente \u00e0 imprensa. O futuro ministro, respons\u00e1vel pela transi\u00e7\u00e3o oficial de governo, disse que n\u00e3o era necess\u00e1rio aprovar a reforma ainda em 2018 e que discordava de um poss\u00edvel fatiamento da reforma para facilitar a aprova\u00e7\u00e3o. Ele tamb\u00e9m declarou a inten\u00e7\u00e3o de separar a previd\u00eancia da assist\u00eancia social.<\/p>\n<p>Paulo Guedes respondeu bruscamente seu futuro colega de governo. \u201cHouve gente falando que n\u00e3o tem pressa de fazer a reforma da Previd\u00eancia. O mercado reagiu mal\u201d, disse o economista. \u201c\u00c9 um pol\u00edtico falando de economia, \u00e9 a mesma coisa de eu sair falando de pol\u00edtica, n\u00e3o vai dar certo\u201d, concluiu.<\/p>\n<p><strong>Relator na C\u00e2mara sinaliza acordo com Bolsonaro<\/strong><\/p>\n<p>O deputado Arthur Maia (DEM-BA), relator da Proposta de Emenda \u00e0 Constitui\u00e7\u00e3o (PEC) 287\/16 \u2013 o projeto de Reforma da Previd\u00eancia de Temer \u2013 sinalizou que concorda com a aprova\u00e7\u00e3o da medida ainda em 2018, mas imp\u00f4s algumas condi\u00e7\u00f5es.\u00a0\u00a0Para ele, \u00e9 necess\u00e1rio manter no projeto a igualdade entre setor p\u00fablico e privado, a idade m\u00ednima e as regras de transi\u00e7\u00e3o. \u201cA articula\u00e7\u00e3o pol\u00edtica para conduzir a vota\u00e7\u00e3o tem que ser assumida pelo presidente eleito\u201d, afirmou o deputado ao portal Poder 360.<\/p>\n<p><strong>ANDES-SN combate reforma e defende a previd\u00eancia p\u00fablica<\/strong><\/p>\n<p>Desde que a Reforma da Previd\u00eancia come\u00e7ou a ser discutida, o ANDES-SN se posicionou contra o projeto, por considerar que ele retira direitos de aposentadoria dos trabalhadores favorecendo o sistema privado de previd\u00eancia. Junto a dezenas de outras entidades, o Sindicato Nacional tamb\u00e9m contesta a fal\u00e1cia do d\u00e9ficit da previd\u00eancia, usada como justificativa pelo governo Temer e agora pela equipe de Bolsonaro para ressaltar a necessidade de retirar os direitos.<\/p>\n<p>O governo e a m\u00eddia comercial omitem que, na verdade, sobra dinheiro, que \u00e9 desviado para outras finalidades, como o pagamento de juros e amortiza\u00e7\u00e3o da d\u00edvida p\u00fablica, que nunca foi auditada. A Previd\u00eancia \u00e9 um dos elementos que, juntamente com a Sa\u00fade e a Assist\u00eancia Social, formam a Seguridade Social. No Brasil, a Seguridade Social nunca foi deficit\u00e1ria e, portanto, n\u00e3o existe o tal \u2018rombo\u2019 da Previd\u00eancia. Dados da Associa\u00e7\u00e3o Nacional dos Fiscais da Previd\u00eancia (Anfip) confirmam essa informa\u00e7\u00e3o: em 2013, o sistema teve super\u00e1vit de R$ 78,6 bilh\u00f5es; e em 2014, R$ 53,8 bilh\u00f5es.<\/p>\n<p><strong>Leia tamb\u00e9m:<\/strong><\/p>\n<p><a href=\"http:\/\/www.andes.org.br\/andes\/print-ultimas-noticias.andes?id=8785\" target=\"_blank\">Chileno explica como funciona o sistema de previd\u00eancia em seu pa\u00eds<\/a>, exemplo para a equipe de Bolsonaro, onde muitos idosos n\u00e3o t\u00eam sequer dinheiro para comprar comida.<\/p>\n<p><em>Fonte:\u00a0ANDES-SN<\/em><\/p>\n<p>&nbsp;<\/p>\n","protected":false},"excerpt":{"rendered":"<p>Dois dias depois da elei\u00e7\u00e3o, Jair Bolsonaro afirma que sua prioridade \u00e9 aprovar a Reforma da Previd\u00eancia de Michel Temer. Detalhe, ele quer que a aprova\u00e7\u00e3o ocorra ainda este ano. Em entrevista \u00e0 TV Record, Bolsonaro afirmou: \u201cBuscaremos junto ao presidente Michel Temer aprovar alguma coisa, uma parte da Reforma da Previd\u00eancia que est\u00e1 sendo&hellip;<\/p>\n","protected":false},"author":3,"featured_media":0,"comment_status":"closed","ping_status":"closed","sticky":false,"template":"","format":"standard","meta":{"footnotes":""},"categories":[15],"tags":[],"class_list":["post-19384","post","type-post","status-publish","format-standard","hentry","category-noticias","category-15","description-off"],"_links":{"self":[{"href":"https:\/\/www.adufpb.org.br\/site\/wp-json\/wp\/v2\/posts\/19384","targetHints":{"allow":["GET"]}}],"collection":[{"href":"https:\/\/www.adufpb.org.br\/site\/wp-json\/wp\/v2\/posts"}],"about":[{"href":"https:\/\/www.adufpb.org.br\/site\/wp-json\/wp\/v2\/types\/post"}],"author":[{"embeddable":true,"href":"https:\/\/www.adufpb.org.br\/site\/wp-json\/wp\/v2\/users\/3"}],"replies":[{"embeddable":true,"href":"https:\/\/www.adufpb.org.br\/site\/wp-json\/wp\/v2\/comments?post=19384"}],"version-history":[{"count":1,"href":"https:\/\/www.adufpb.org.br\/site\/wp-json\/wp\/v2\/posts\/19384\/revisions"}],"predecessor-version":[{"id":19385,"href":"https:\/\/www.adufpb.org.br\/site\/wp-json\/wp\/v2\/posts\/19384\/revisions\/19385"}],"wp:attachment":[{"href":"https:\/\/www.adufpb.org.br\/site\/wp-json\/wp\/v2\/media?parent=19384"}],"wp:term":[{"taxonomy":"category","embeddable":true,"href":"https:\/\/www.adufpb.org.br\/site\/wp-json\/wp\/v2\/categories?post=19384"},{"taxonomy":"post_tag","embeddable":true,"href":"https:\/\/www.adufpb.org.br\/site\/wp-json\/wp\/v2\/tags?post=19384"}],"curies":[{"name":"wp","href":"https:\/\/api.w.org\/{rel}","templated":true}]}}