{"id":19329,"date":"2018-10-25T13:53:54","date_gmt":"2018-10-25T16:53:54","guid":{"rendered":"http:\/\/www.adufpb.org.br\/site\/?p=19329"},"modified":"2018-10-25T13:53:54","modified_gmt":"2018-10-25T16:53:54","slug":"40-anos-de-luta-em-defesa-dos-docentes-trabalhadores-e-trabalhadoras-da-educacao","status":"publish","type":"post","link":"https:\/\/www.adufpb.org.br\/site\/40-anos-de-luta-em-defesa-dos-docentes-trabalhadores-e-trabalhadoras-da-educacao\/","title":{"rendered":"40 anos de luta em defesa dos docentes, trabalhadores e trabalhadoras da educa\u00e7\u00e3o"},"content":{"rendered":"<p><a href=\"http:\/\/www.adufpb.org.br\/site\/wp-content\/uploads\/2018\/10\/MARCA-OFICIAL-COLORIDA-300-DPI.jpg\"><img loading=\"lazy\" decoding=\"async\" class=\"alignleft size-medium wp-image-19330\" alt=\"MARCA OFICIAL COLORIDA 300 DPI\" src=\"http:\/\/www.adufpb.org.br\/site\/wp-content\/uploads\/2018\/10\/MARCA-OFICIAL-COLORIDA-300-DPI-262x300.jpg\" width=\"262\" height=\"300\" srcset=\"https:\/\/www.adufpb.org.br\/site\/wp-content\/uploads\/2018\/10\/MARCA-OFICIAL-COLORIDA-300-DPI-262x300.jpg 262w, https:\/\/www.adufpb.org.br\/site\/wp-content\/uploads\/2018\/10\/MARCA-OFICIAL-COLORIDA-300-DPI-897x1024.jpg 897w, https:\/\/www.adufpb.org.br\/site\/wp-content\/uploads\/2018\/10\/MARCA-OFICIAL-COLORIDA-300-DPI.jpg 1143w\" sizes=\"auto, (max-width: 262px) 100vw, 262px\" \/><\/a>Nos \u00faltimos 40 anos, a ADUFPB pode se orgulhar de ter contribu\u00eddo, em sua trajet\u00f3ria sindical, na defesa dos direitos dos trabalhadores, das liberdades, da democracia e, acima de tudo, na defesa de uma das principais institui\u00e7\u00f5es de educa\u00e7\u00e3o p\u00fablica, gratuita, laica e de qualidade: a universidade.<\/p>\n<p>Desde sua funda\u00e7\u00e3o, em 25 de outubro de 1978, com o Brasil ainda sob o regime ditatorial dos militares, a categoria docente da UFPB vem contando com um espa\u00e7o de resist\u00eancia capaz de protagonizar lutas em defesa n\u00e3o s\u00f3 da autonomia da Universidade e dos direitos da categoria dos docentes, mas tamb\u00e9m, no enfrentamento pelas garantias institucionais e pelos direitos de todos os trabalhadores brasileiros.<\/p>\n<p>Forjada nas lutas contra a ditadura civil, empresarial e militar, iniciada com o Golpe de 1964, a ADUFPB foi se constituindo embalada pelo processo de reorganiza\u00e7\u00e3o pol\u00edtica e sindical que o pa\u00eds experimentava com o surgimento do novo sindicalismo. A lista de lutas, reivindica\u00e7\u00f5es, passeatas, atos p\u00fablicos e manifesta\u00e7\u00f5es em geral e conquistas tem sido enorme, o que expressa a hist\u00f3ria que este sindicato construiu e representa hoje. Basta uma simples consulta na internet, em livros j\u00e1 publicados, nos documentos do sindicato e em depoimentos registrados por professores e professoras para ficar atestado o papel importante que esta se\u00e7\u00e3o sindical representa para a categoria.<\/p>\n<p>Ao longo das quatro d\u00e9cadas de sua exist\u00eancia, a ADUFPB contou com a dedica\u00e7\u00e3o de professores e professoras para assumirem a dif\u00edcil tarefa de dirigir o sindicato. Nada mais justo que homenagear aqueles que, de uma maneira ou de outra, tiveram que abrir m\u00e3o de quest\u00f5es profissionais e\/ou familiares para assumirem tarefas nas lutas do sindicato.<\/p>\n<p>\u00c0s gera\u00e7\u00f5es passadas, a atual diretoria do sindicato tem o mais profundo respeito e admira\u00e7\u00e3o, pois esta e as futuras gera\u00e7\u00f5es t\u00eam um d\u00e9bito incalcul\u00e1vel com aqueles que dedicaram parte de suas vidas \u00e0 constru\u00e7\u00e3o e ao fortalecimento da ADUFPB. Da mesma import\u00e2ncia, n\u00e3o poder\u00edamos deixar de agradecer aos funcion\u00e1rios que fazem parte do cotidiano di\u00e1rio do sindicato que, ao longo destes 40 anos, veem se dedicando ao bom funcionamento e \u00e0 manuten\u00e7\u00e3o, com todos os apoios log\u00edsticos e afetivos poss\u00edveis, para manter a ADUFPB uma entidade sindical sempre forte e atuante.<\/p>\n<p>Neste momento de profundos ataques contra as Universidades e \u00e0 democracia brasileira, \u00e9 preciso reafirmar o compromisso com a defesa da educa\u00e7\u00e3o p\u00fablica, gratuita e de qualidade. Esse \u00e9 um importante patrim\u00f4nio da sociedade brasileira, pois s\u00e3o as universidades p\u00fablicas as respons\u00e1veis por mais de 90% da ci\u00eancia e da tecnologia desenvolvida no pa\u00eds, pelo desenvolvimento de incalcul\u00e1veis atividades de extens\u00e3o e pela forma\u00e7\u00e3o de milhares de pessoas nas gradua\u00e7\u00f5es e p\u00f3s-gradua\u00e7\u00f5es.<\/p>\n<p>Assim como nas primeiras lutas e resist\u00eancias promovidas pelos professores e professoras em 1978, agora mais que nunca \u00e9 tempo de lutar, fortalecer o sindicato e de contribuir com a resist\u00eancia dentro e fora das Universidades. Como anunciamos no in\u00edcio deste ano, temos mais que 2018 motivos para defender os direitos, a educa\u00e7\u00e3o p\u00fablica e o que representam 40 anos de luta e resist\u00eancia do sindicato.<\/p>\n<p>Hoje \u00e9 dia de comemora\u00e7\u00e3o e festa. Mas estaremos sempre atentos e dispostos a gritar e agir contra as amea\u00e7as \u00e0 categoria docente e dos trabalhadores e trabalhadoras do nosso pa\u00eds. Nunca aceitaremos nenhum direito a menos e, juntos, vamos dar continuidade \u00e0 hist\u00f3ria da ADUFPB.<\/p>\n<p>Parab\u00e9ns a todos os docentes filiados que fortalecem a ADUFPB!<\/p>\n<p>Parab\u00e9ns por esta hist\u00f3ria de luta e resist\u00eancia!<\/p>\n","protected":false},"excerpt":{"rendered":"<p>Nos \u00faltimos 40 anos, a ADUFPB pode se orgulhar de ter contribu\u00eddo, em sua trajet\u00f3ria sindical, na defesa dos direitos dos trabalhadores, das liberdades, da democracia e, acima de tudo, na defesa de uma das principais institui\u00e7\u00f5es de educa\u00e7\u00e3o p\u00fablica, gratuita, laica e de qualidade: a universidade. Desde sua funda\u00e7\u00e3o, em 25 de outubro de&hellip;<\/p>\n","protected":false},"author":4,"featured_media":0,"comment_status":"closed","ping_status":"closed","sticky":false,"template":"","format":"standard","meta":{"footnotes":""},"categories":[1],"tags":[],"class_list":["post-19329","post","type-post","status-publish","format-standard","hentry","category-agenda","category-1","description-off"],"_links":{"self":[{"href":"https:\/\/www.adufpb.org.br\/site\/wp-json\/wp\/v2\/posts\/19329","targetHints":{"allow":["GET"]}}],"collection":[{"href":"https:\/\/www.adufpb.org.br\/site\/wp-json\/wp\/v2\/posts"}],"about":[{"href":"https:\/\/www.adufpb.org.br\/site\/wp-json\/wp\/v2\/types\/post"}],"author":[{"embeddable":true,"href":"https:\/\/www.adufpb.org.br\/site\/wp-json\/wp\/v2\/users\/4"}],"replies":[{"embeddable":true,"href":"https:\/\/www.adufpb.org.br\/site\/wp-json\/wp\/v2\/comments?post=19329"}],"version-history":[{"count":1,"href":"https:\/\/www.adufpb.org.br\/site\/wp-json\/wp\/v2\/posts\/19329\/revisions"}],"predecessor-version":[{"id":19331,"href":"https:\/\/www.adufpb.org.br\/site\/wp-json\/wp\/v2\/posts\/19329\/revisions\/19331"}],"wp:attachment":[{"href":"https:\/\/www.adufpb.org.br\/site\/wp-json\/wp\/v2\/media?parent=19329"}],"wp:term":[{"taxonomy":"category","embeddable":true,"href":"https:\/\/www.adufpb.org.br\/site\/wp-json\/wp\/v2\/categories?post=19329"},{"taxonomy":"post_tag","embeddable":true,"href":"https:\/\/www.adufpb.org.br\/site\/wp-json\/wp\/v2\/tags?post=19329"}],"curies":[{"name":"wp","href":"https:\/\/api.w.org\/{rel}","templated":true}]}}