{"id":19317,"date":"2018-10-24T12:41:27","date_gmt":"2018-10-24T15:41:27","guid":{"rendered":"http:\/\/www.adufpb.org.br\/site\/?p=19317"},"modified":"2018-10-26T11:19:20","modified_gmt":"2018-10-26T14:19:20","slug":"programacao-cultural-dos-40-anos-da-adufpb-sera-aberta-nesta-quinta-feira-25","status":"publish","type":"post","link":"https:\/\/www.adufpb.org.br\/site\/programacao-cultural-dos-40-anos-da-adufpb-sera-aberta-nesta-quinta-feira-25\/","title":{"rendered":"Programa\u00e7\u00e3o cultural dos 40 anos da ADUFPB ser\u00e1 aberta nesta quinta-feira, 25"},"content":{"rendered":"<p dir=\"ltr\">Quatro d\u00e9cadas de luta em defesa dos direitos da categoria docente. Nesta quinta-feira, 25 de outubro, a ADUFPB completa 40 anos. E, para comemorar a data, a entidade promove, at\u00e9 o dia 1\u00ba de novembro, uma s\u00e9rie de atividades culturais e de lazer no Centro de Viv\u00eancia do campus I, em Jo\u00e3o Pessoa.<\/p>\n<p dir=\"ltr\">A programa\u00e7\u00e3o ser\u00e1 aberta nesta quinta-feira, \u00e0s 17h30, com apresenta\u00e7\u00e3o do Coral Vozes da ADUFPB e da Orquestra de Viol\u00f5es da UFPB, em um palco que ser\u00e1 montado no Centro de Viv\u00eancia para as atividades. O evento ter\u00e1 sequ\u00eancia com a solenidade de abertura da programa\u00e7\u00e3o cultural. Na ocasi\u00e3o, a ADUFPB far\u00e1 o lan\u00e7amento da edi\u00e7\u00e3o n\u00ba 26 da revista eletr\u00f4nica Conceitos, organizada e editada pela se\u00e7\u00e3o sindical com artigos acad\u00eamicos dos professores sindicalizados.<\/p>\n<p dir=\"ltr\">Ap\u00f3s a cerim\u00f4nia de abertura, ser\u00e1 oferecido um coquetel aos professores no Terra\u00e7o Cultural Silvio Frank Allen, na sede da ADUFPB. O evento se encerra com show da banda Aquariana, no palco do Centro de Viv\u00eancia.<\/p>\n<p><strong>AGENDE-SE<\/strong><\/p>\n<p>Abertura da programa\u00e7\u00e3o cultural dos 40 anos da ADUFPB<br \/>\n<strong>Data:<\/strong> quinta-feira, 25 de outubro<br \/>\n<strong>Hor\u00e1rio:<\/strong> 17h30<br \/>\n<strong>Local:<\/strong> Centro de Viv\u00eancia e Terra\u00e7o Cultural da ADUFPB<br \/>\n<strong>Atra\u00e7\u00f5es:<\/strong><br \/>\n1. Coral Vozes da ADUFPB<br \/>\n2. Orquestra de Viol\u00f5es da UFPB<br \/>\n3. Banda Aquariana<\/p>\n<p><em>Fonte: Ascom ADUFPB<\/em><\/p>\n","protected":false},"excerpt":{"rendered":"<p>Quatro d\u00e9cadas de luta em defesa dos direitos da categoria docente. Nesta quinta-feira, 25 de outubro, a ADUFPB completa 40 anos. E, para comemorar a data, a entidade promove, at\u00e9 o dia 1\u00ba de novembro, uma s\u00e9rie de atividades culturais e de lazer no Centro de Viv\u00eancia do campus I, em Jo\u00e3o Pessoa. A programa\u00e7\u00e3o&hellip;<\/p>\n","protected":false},"author":3,"featured_media":19319,"comment_status":"closed","ping_status":"closed","sticky":false,"template":"","format":"standard","meta":{"footnotes":""},"categories":[1,15],"tags":[1158,895,72],"class_list":["post-19317","post","type-post","status-publish","format-standard","has-post-thumbnail","hentry","category-agenda","category-noticias","tag-40-anos","tag-adufpb-2","tag-aniversario","category-1","category-15","description-off"],"_links":{"self":[{"href":"https:\/\/www.adufpb.org.br\/site\/wp-json\/wp\/v2\/posts\/19317","targetHints":{"allow":["GET"]}}],"collection":[{"href":"https:\/\/www.adufpb.org.br\/site\/wp-json\/wp\/v2\/posts"}],"about":[{"href":"https:\/\/www.adufpb.org.br\/site\/wp-json\/wp\/v2\/types\/post"}],"author":[{"embeddable":true,"href":"https:\/\/www.adufpb.org.br\/site\/wp-json\/wp\/v2\/users\/3"}],"replies":[{"embeddable":true,"href":"https:\/\/www.adufpb.org.br\/site\/wp-json\/wp\/v2\/comments?post=19317"}],"version-history":[{"count":1,"href":"https:\/\/www.adufpb.org.br\/site\/wp-json\/wp\/v2\/posts\/19317\/revisions"}],"predecessor-version":[{"id":19318,"href":"https:\/\/www.adufpb.org.br\/site\/wp-json\/wp\/v2\/posts\/19317\/revisions\/19318"}],"wp:featuredmedia":[{"embeddable":true,"href":"https:\/\/www.adufpb.org.br\/site\/wp-json\/wp\/v2\/media\/19319"}],"wp:attachment":[{"href":"https:\/\/www.adufpb.org.br\/site\/wp-json\/wp\/v2\/media?parent=19317"}],"wp:term":[{"taxonomy":"category","embeddable":true,"href":"https:\/\/www.adufpb.org.br\/site\/wp-json\/wp\/v2\/categories?post=19317"},{"taxonomy":"post_tag","embeddable":true,"href":"https:\/\/www.adufpb.org.br\/site\/wp-json\/wp\/v2\/tags?post=19317"}],"curies":[{"name":"wp","href":"https:\/\/api.w.org\/{rel}","templated":true}]}}