{"id":19274,"date":"2018-10-18T10:04:22","date_gmt":"2018-10-18T13:04:22","guid":{"rendered":"http:\/\/www.adufpb.org.br\/site\/?p=19274"},"modified":"2018-10-18T10:04:39","modified_gmt":"2018-10-18T13:04:39","slug":"19274","status":"publish","type":"post","link":"https:\/\/www.adufpb.org.br\/site\/19274\/","title":{"rendered":"NOTA DE PESAR"},"content":{"rendered":"<p><a href=\"http:\/\/www.adufpb.org.br\/site\/wp-content\/uploads\/2018\/10\/WhatsApp-Image-2018-10-18-at-10.31.17.jpeg\"><img loading=\"lazy\" decoding=\"async\" class=\"aligncenter size-medium wp-image-19275\" alt=\"WhatsApp Image 2018-10-18 at 10.31.17\" src=\"http:\/\/www.adufpb.org.br\/site\/wp-content\/uploads\/2018\/10\/WhatsApp-Image-2018-10-18-at-10.31.17-300x206.jpeg\" width=\"300\" height=\"206\" srcset=\"https:\/\/www.adufpb.org.br\/site\/wp-content\/uploads\/2018\/10\/WhatsApp-Image-2018-10-18-at-10.31.17-300x206.jpeg 300w, https:\/\/www.adufpb.org.br\/site\/wp-content\/uploads\/2018\/10\/WhatsApp-Image-2018-10-18-at-10.31.17.jpeg 871w\" sizes=\"auto, (max-width: 300px) 100vw, 300px\" \/><\/a><\/p>\n<p><span style=\"font-size: large;\">A Diretoria Executiva da ADUFPB vem a p\u00fablico manifestar o seu profundo pesar pelo falecimento, ocorrido no dia 17 de outubro de 2018, de\u00a0<strong>NARCILVO CARDOSO DA SILVA<\/strong>, professor aposentado do Departamento de Educa\u00e7\u00e3o F\u00edsica, da Universidade Federal da Para\u00edba.<\/span><\/p>\n<p><span style=\"font-size: large;\">O corpo est\u00e1 sendo velado na Funer\u00e1ria S\u00e3o Jo\u00e3o Batista. Aos membros da fam\u00edlia e amigos, nossos sentimentos.<\/span><\/p>\n<p><span style=\"font-size: large;\">Jo\u00e3o Pessoa, 18 de outubro de 2018<\/span><\/p>\n<p><span style=\"font-size: large;\">DIRETORIA EXECUTIVA<\/span><\/p>\n","protected":false},"excerpt":{"rendered":"<p>A Diretoria Executiva da ADUFPB vem a p\u00fablico manifestar o seu profundo pesar pelo falecimento, ocorrido no dia 17 de outubro de 2018, de\u00a0NARCILVO CARDOSO DA SILVA, professor aposentado do Departamento de Educa\u00e7\u00e3o F\u00edsica, da Universidade Federal da Para\u00edba. O corpo est\u00e1 sendo velado na Funer\u00e1ria S\u00e3o Jo\u00e3o Batista. Aos membros da fam\u00edlia e amigos,&hellip;<\/p>\n","protected":false},"author":3,"featured_media":0,"comment_status":"closed","ping_status":"closed","sticky":false,"template":"","format":"standard","meta":{"footnotes":""},"categories":[15],"tags":[],"class_list":["post-19274","post","type-post","status-publish","format-standard","hentry","category-noticias","category-15","description-off"],"_links":{"self":[{"href":"https:\/\/www.adufpb.org.br\/site\/wp-json\/wp\/v2\/posts\/19274","targetHints":{"allow":["GET"]}}],"collection":[{"href":"https:\/\/www.adufpb.org.br\/site\/wp-json\/wp\/v2\/posts"}],"about":[{"href":"https:\/\/www.adufpb.org.br\/site\/wp-json\/wp\/v2\/types\/post"}],"author":[{"embeddable":true,"href":"https:\/\/www.adufpb.org.br\/site\/wp-json\/wp\/v2\/users\/3"}],"replies":[{"embeddable":true,"href":"https:\/\/www.adufpb.org.br\/site\/wp-json\/wp\/v2\/comments?post=19274"}],"version-history":[{"count":3,"href":"https:\/\/www.adufpb.org.br\/site\/wp-json\/wp\/v2\/posts\/19274\/revisions"}],"predecessor-version":[{"id":19278,"href":"https:\/\/www.adufpb.org.br\/site\/wp-json\/wp\/v2\/posts\/19274\/revisions\/19278"}],"wp:attachment":[{"href":"https:\/\/www.adufpb.org.br\/site\/wp-json\/wp\/v2\/media?parent=19274"}],"wp:term":[{"taxonomy":"category","embeddable":true,"href":"https:\/\/www.adufpb.org.br\/site\/wp-json\/wp\/v2\/categories?post=19274"},{"taxonomy":"post_tag","embeddable":true,"href":"https:\/\/www.adufpb.org.br\/site\/wp-json\/wp\/v2\/tags?post=19274"}],"curies":[{"name":"wp","href":"https:\/\/api.w.org\/{rel}","templated":true}]}}