{"id":19259,"date":"2018-10-16T12:27:10","date_gmt":"2018-10-16T15:27:10","guid":{"rendered":"http:\/\/www.adufpb.org.br\/site\/?p=19259"},"modified":"2018-10-16T17:47:11","modified_gmt":"2018-10-16T20:47:11","slug":"secretarias-da-adufpb-em-areia-e-bananeiras-comemoram-o-dia-doa-professora","status":"publish","type":"post","link":"https:\/\/www.adufpb.org.br\/site\/secretarias-da-adufpb-em-areia-e-bananeiras-comemoram-o-dia-doa-professora\/","title":{"rendered":"Secretarias da ADUFPB em Areia e Bananeiras comemoram o Dia do(a) Professor(a)"},"content":{"rendered":"<p dir=\"ltr\">Duas atividades ser\u00e3o realizadas na quarta e na quinta-feira (17 e 18) nos campi de Areia e Bananeiras em comemora\u00e7\u00e3o ao Dia do(a) Professor(a). A primeira ocorrer\u00e1 na sede da subsecretaria da ADUFPB em Bananeiras (campus III). Ser\u00e1 um caf\u00e9 da manh\u00e3 de confraterniza\u00e7\u00e3o que acontecer\u00e1 na Sala do Caf\u00e9, no subsolo da entidade, a partir das 9h.<\/p>\n<p dir=\"ltr\"><a href=\"http:\/\/www.adufpb.org.br\/site\/wp-content\/uploads\/2018\/10\/almo\u00e7o-dia-do-professor-areia.jpeg\"><img loading=\"lazy\" decoding=\"async\" class=\"alignright size-medium wp-image-19260\" alt=\"almo\u00e7o dia do professor areia\" src=\"http:\/\/www.adufpb.org.br\/site\/wp-content\/uploads\/2018\/10\/almo\u00e7o-dia-do-professor-areia-300x213.jpeg\" width=\"300\" height=\"213\" srcset=\"https:\/\/www.adufpb.org.br\/site\/wp-content\/uploads\/2018\/10\/almo\u00e7o-dia-do-professor-areia-300x213.jpeg 300w, https:\/\/www.adufpb.org.br\/site\/wp-content\/uploads\/2018\/10\/almo\u00e7o-dia-do-professor-areia-1024x728.jpeg 1024w, https:\/\/www.adufpb.org.br\/site\/wp-content\/uploads\/2018\/10\/almo\u00e7o-dia-do-professor-areia.jpeg 1280w\" sizes=\"auto, (max-width: 300px) 100vw, 300px\" \/><\/a>J\u00e1 na quinta-feira, ser\u00e1 a vez do campus II, de Areia, sediar a comemora\u00e7\u00e3o em homenagem aos professores e professoras. A subsecretaria local ir\u00e1 realizar um almo\u00e7o de confraterniza\u00e7\u00e3o no restaurante V\u00f3 Maria a partir do meio dia. M\u00fasica e muita descontra\u00e7\u00e3o far\u00e3o parte do encontro.<\/p>\n<p><em>Fonte: Ascom ADUFPB<\/em><\/p>\n","protected":false},"excerpt":{"rendered":"<p>Duas atividades ser\u00e3o realizadas na quarta e na quinta-feira (17 e 18) nos campi de Areia e Bananeiras em comemora\u00e7\u00e3o ao Dia do(a) Professor(a). A primeira ocorrer\u00e1 na sede da subsecretaria da ADUFPB em Bananeiras (campus III). Ser\u00e1 um caf\u00e9 da manh\u00e3 de confraterniza\u00e7\u00e3o que acontecer\u00e1 na Sala do Caf\u00e9, no subsolo da entidade, a&hellip;<\/p>\n","protected":false},"author":3,"featured_media":0,"comment_status":"closed","ping_status":"closed","sticky":false,"template":"","format":"standard","meta":{"footnotes":""},"categories":[15],"tags":[588,98,66],"class_list":["post-19259","post","type-post","status-publish","format-standard","hentry","category-noticias","tag-comemoracao","tag-confraternizacao","tag-dia-do-professor","category-15","description-off"],"_links":{"self":[{"href":"https:\/\/www.adufpb.org.br\/site\/wp-json\/wp\/v2\/posts\/19259","targetHints":{"allow":["GET"]}}],"collection":[{"href":"https:\/\/www.adufpb.org.br\/site\/wp-json\/wp\/v2\/posts"}],"about":[{"href":"https:\/\/www.adufpb.org.br\/site\/wp-json\/wp\/v2\/types\/post"}],"author":[{"embeddable":true,"href":"https:\/\/www.adufpb.org.br\/site\/wp-json\/wp\/v2\/users\/3"}],"replies":[{"embeddable":true,"href":"https:\/\/www.adufpb.org.br\/site\/wp-json\/wp\/v2\/comments?post=19259"}],"version-history":[{"count":2,"href":"https:\/\/www.adufpb.org.br\/site\/wp-json\/wp\/v2\/posts\/19259\/revisions"}],"predecessor-version":[{"id":19270,"href":"https:\/\/www.adufpb.org.br\/site\/wp-json\/wp\/v2\/posts\/19259\/revisions\/19270"}],"wp:attachment":[{"href":"https:\/\/www.adufpb.org.br\/site\/wp-json\/wp\/v2\/media?parent=19259"}],"wp:term":[{"taxonomy":"category","embeddable":true,"href":"https:\/\/www.adufpb.org.br\/site\/wp-json\/wp\/v2\/categories?post=19259"},{"taxonomy":"post_tag","embeddable":true,"href":"https:\/\/www.adufpb.org.br\/site\/wp-json\/wp\/v2\/tags?post=19259"}],"curies":[{"name":"wp","href":"https:\/\/api.w.org\/{rel}","templated":true}]}}