{"id":19241,"date":"2018-10-15T18:23:10","date_gmt":"2018-10-15T21:23:10","guid":{"rendered":"http:\/\/www.adufpb.org.br\/site\/?p=19241"},"modified":"2018-10-15T18:23:10","modified_gmt":"2018-10-15T21:23:10","slug":"professoresas-em-luta-e-resistencia","status":"publish","type":"post","link":"https:\/\/www.adufpb.org.br\/site\/professoresas-em-luta-e-resistencia\/","title":{"rendered":"Professores(as) em luta e resist\u00eancia"},"content":{"rendered":"<div>Esse n\u00e3o \u00e9 um \u201cDia dos(as) Professores(as)\u201d qualquer. O 15 de outubro deste ano antecede duas semanas de uma elei\u00e7\u00e3o que tem sido descrita como \u201cA civiliza\u00e7\u00e3o versus a barb\u00e1rie\u201d. Basta navegar pela internet e observar os coment\u00e1rios sobre as mat\u00e9rias de jornais e portais de not\u00edcias ali publicadas. Sobretudo, os coment\u00e1rios da \u00e1rea pol\u00edtica e das elei\u00e7\u00f5es presidenciais.<\/div>\n<div><\/div>\n<div>O que foi que aconteceu conosco? Tornamo-nos um bando de c\u00e3es raivosos, sanguinolentos, grosseiros. Estamos em uma guerra em curso. Uma guerra cultural de um brasileiro que n\u00e3o desejamos ser, em dire\u00e7\u00e3o a um modelo de brasileiro que n\u00e3o sabemos para onde vai!<\/div>\n<div><\/div>\n<div>Definitivamente entramos na era da p\u00f3s-verdade. Conseguimos avan\u00e7ar a passos largos no lirismo. Nossa sociedade se esfacela. Dia ap\u00f3s dia, o que nos poderia ser sinal do desespero, de \u201djogar a toalha\u201d, \u00e9 para n\u00f3s, docentes, trabalho!<\/div>\n<div><\/div>\n<div>Essa \u00e9 nossa matriz: transformar, moldar, doar, revolucionar. Nesse momento de encruzilhada, de obscuridade, \u00e9 que somos a luz que doura. Como diria um bom estudante de fenomenologia hegeliana, \u201cseremos o que \u00e9 sendo\u201d! O que para alguns seria o fim, ou sem sa\u00edda, para n\u00f3s \u00e9 o chamamento.<\/div>\n<div><\/div>\n<div>Momento hist\u00f3rico necess\u00e1rio para um novo esclarecimento, uma nova educa\u00e7\u00e3o, um novo Brasil. Com todos os seus problemas e contradi\u00e7\u00f5es. E, como diria Jorge Amado, na pele de seu anti-her\u00f3i Pedro Arcanjo, na Tenda dos Milagres, \u201cs\u00f3 h\u00e1 riqueza na mistura\u201d. \u00c9 isso o que somos. E os professores e professoras da UFPB est\u00e3o em luta e em resist\u00eancia.<\/div>\n<div><\/div>\n<div><b>Feliz dia nosso!<\/b><\/div>\n<div><\/div>\n<div><b>ADUFPB \u2013 Se\u00e7\u00e3o Sindical do ANDES-SN<\/b><\/div>\n<div>15 de outubro de 2018<\/div>\n<div><a href=\"http:\/\/www.adufpb.org.br\/site\/wp-content\/uploads\/2018\/10\/CARD-DIA-DO-PROFESSOR_15-10_2018.jpg\"><img loading=\"lazy\" decoding=\"async\" class=\"alignright size-large wp-image-19242\" alt=\"CARD DIA DO PROFESSOR_15 10_2018\" src=\"http:\/\/www.adufpb.org.br\/site\/wp-content\/uploads\/2018\/10\/CARD-DIA-DO-PROFESSOR_15-10_2018-681x1024.jpg\" width=\"681\" height=\"1024\" srcset=\"https:\/\/www.adufpb.org.br\/site\/wp-content\/uploads\/2018\/10\/CARD-DIA-DO-PROFESSOR_15-10_2018-681x1024.jpg 681w, https:\/\/www.adufpb.org.br\/site\/wp-content\/uploads\/2018\/10\/CARD-DIA-DO-PROFESSOR_15-10_2018-199x300.jpg 199w\" sizes=\"auto, (max-width: 681px) 100vw, 681px\" \/><\/a><\/div>\n","protected":false},"excerpt":{"rendered":"<p>Esse n\u00e3o \u00e9 um \u201cDia dos(as) Professores(as)\u201d qualquer. O 15 de outubro deste ano antecede duas semanas de uma elei\u00e7\u00e3o que tem sido descrita como \u201cA civiliza\u00e7\u00e3o versus a barb\u00e1rie\u201d. Basta navegar pela internet e observar os coment\u00e1rios sobre as mat\u00e9rias de jornais e portais de not\u00edcias ali publicadas. Sobretudo, os coment\u00e1rios da \u00e1rea pol\u00edtica&hellip;<\/p>\n","protected":false},"author":3,"featured_media":0,"comment_status":"closed","ping_status":"closed","sticky":false,"template":"","format":"standard","meta":{"footnotes":""},"categories":[15],"tags":[],"class_list":["post-19241","post","type-post","status-publish","format-standard","hentry","category-noticias","category-15","description-off"],"_links":{"self":[{"href":"https:\/\/www.adufpb.org.br\/site\/wp-json\/wp\/v2\/posts\/19241","targetHints":{"allow":["GET"]}}],"collection":[{"href":"https:\/\/www.adufpb.org.br\/site\/wp-json\/wp\/v2\/posts"}],"about":[{"href":"https:\/\/www.adufpb.org.br\/site\/wp-json\/wp\/v2\/types\/post"}],"author":[{"embeddable":true,"href":"https:\/\/www.adufpb.org.br\/site\/wp-json\/wp\/v2\/users\/3"}],"replies":[{"embeddable":true,"href":"https:\/\/www.adufpb.org.br\/site\/wp-json\/wp\/v2\/comments?post=19241"}],"version-history":[{"count":1,"href":"https:\/\/www.adufpb.org.br\/site\/wp-json\/wp\/v2\/posts\/19241\/revisions"}],"predecessor-version":[{"id":19243,"href":"https:\/\/www.adufpb.org.br\/site\/wp-json\/wp\/v2\/posts\/19241\/revisions\/19243"}],"wp:attachment":[{"href":"https:\/\/www.adufpb.org.br\/site\/wp-json\/wp\/v2\/media?parent=19241"}],"wp:term":[{"taxonomy":"category","embeddable":true,"href":"https:\/\/www.adufpb.org.br\/site\/wp-json\/wp\/v2\/categories?post=19241"},{"taxonomy":"post_tag","embeddable":true,"href":"https:\/\/www.adufpb.org.br\/site\/wp-json\/wp\/v2\/tags?post=19241"}],"curies":[{"name":"wp","href":"https:\/\/api.w.org\/{rel}","templated":true}]}}