{"id":19173,"date":"2018-10-10T18:39:50","date_gmt":"2018-10-10T21:39:50","guid":{"rendered":"http:\/\/www.adufpb.org.br\/site\/?p=19173"},"modified":"2018-10-10T18:41:53","modified_gmt":"2018-10-10T21:41:53","slug":"assessoria-juridica-da-adufpb-se-reune-nesta-quinta-feira-410","status":"publish","type":"post","link":"https:\/\/www.adufpb.org.br\/site\/assessoria-juridica-da-adufpb-se-reune-nesta-quinta-feira-410\/","title":{"rendered":"Assessoria Jur\u00eddica da ADUFPB se re\u00fane nesta quinta-feira (11\/10)"},"content":{"rendered":"<p>Acontece nesta quinta-feira (11) a reuni\u00e3o dos professores com a Assessoria Jur\u00eddica da ADUFPB, sobre o andamento dos processos sobrestados em Bras\u00edlia referentes \u00e0 a\u00e7\u00e3o dos 28,86%, \u00e0s 15h. No mesmo dia, \u00e0s 19h, tamb\u00e9m ser\u00e1 realizada a reuni\u00e3o sobre \u201cPlanos de Sa\u00fade\u201d, \u201cProcesso dos 3,17%\u201d e \u201c1\/3 de F\u00e9rias\u201d.<\/p>\n<p><em>Fonte: Ascom ADUFPB<\/em><\/p>\n","protected":false},"excerpt":{"rendered":"<p>Acontece nesta quinta-feira (11) a reuni\u00e3o dos professores com a Assessoria Jur\u00eddica da ADUFPB, sobre o andamento dos processos sobrestados em Bras\u00edlia referentes \u00e0 a\u00e7\u00e3o dos 28,86%, \u00e0s 15h. No mesmo dia, \u00e0s 19h, tamb\u00e9m ser\u00e1 realizada a reuni\u00e3o sobre \u201cPlanos de Sa\u00fade\u201d, \u201cProcesso dos 3,17%\u201d e \u201c1\/3 de F\u00e9rias\u201d. Fonte: Ascom ADUFPB<\/p>\n","protected":false},"author":8,"featured_media":19174,"comment_status":"closed","ping_status":"closed","sticky":false,"template":"","format":"standard","meta":{"footnotes":""},"categories":[15,417],"tags":[245,1070,467],"class_list":["post-19173","post","type-post","status-publish","format-standard","has-post-thumbnail","hentry","category-noticias","category-noticias-destaque","tag-245","tag-1070","tag-assuntos-juridicos","category-15","category-417","description-off"],"_links":{"self":[{"href":"https:\/\/www.adufpb.org.br\/site\/wp-json\/wp\/v2\/posts\/19173","targetHints":{"allow":["GET"]}}],"collection":[{"href":"https:\/\/www.adufpb.org.br\/site\/wp-json\/wp\/v2\/posts"}],"about":[{"href":"https:\/\/www.adufpb.org.br\/site\/wp-json\/wp\/v2\/types\/post"}],"author":[{"embeddable":true,"href":"https:\/\/www.adufpb.org.br\/site\/wp-json\/wp\/v2\/users\/8"}],"replies":[{"embeddable":true,"href":"https:\/\/www.adufpb.org.br\/site\/wp-json\/wp\/v2\/comments?post=19173"}],"version-history":[{"count":3,"href":"https:\/\/www.adufpb.org.br\/site\/wp-json\/wp\/v2\/posts\/19173\/revisions"}],"predecessor-version":[{"id":19177,"href":"https:\/\/www.adufpb.org.br\/site\/wp-json\/wp\/v2\/posts\/19173\/revisions\/19177"}],"wp:featuredmedia":[{"embeddable":true,"href":"https:\/\/www.adufpb.org.br\/site\/wp-json\/wp\/v2\/media\/19174"}],"wp:attachment":[{"href":"https:\/\/www.adufpb.org.br\/site\/wp-json\/wp\/v2\/media?parent=19173"}],"wp:term":[{"taxonomy":"category","embeddable":true,"href":"https:\/\/www.adufpb.org.br\/site\/wp-json\/wp\/v2\/categories?post=19173"},{"taxonomy":"post_tag","embeddable":true,"href":"https:\/\/www.adufpb.org.br\/site\/wp-json\/wp\/v2\/tags?post=19173"}],"curies":[{"name":"wp","href":"https:\/\/api.w.org\/{rel}","templated":true}]}}