{"id":19169,"date":"2018-10-10T15:10:20","date_gmt":"2018-10-10T18:10:20","guid":{"rendered":"http:\/\/www.adufpb.org.br\/site\/?p=19169"},"modified":"2018-10-10T14:45:49","modified_gmt":"2018-10-10T17:45:49","slug":"outubro-rosa-quem-procura-acha-quem-acha-cura","status":"publish","type":"post","link":"https:\/\/www.adufpb.org.br\/site\/outubro-rosa-quem-procura-acha-quem-acha-cura\/","title":{"rendered":"Outubro Rosa: quem procura acha! Quem acha, cura!"},"content":{"rendered":"<p>O Ambulat\u00f3rio de Cuidados Farmac\u00eauticos da Farm\u00e1cia Escola junto com o Departamento de Ci\u00eancias Farmac\u00eauticas provem nesta quinta-feira (11), \u00e0s 9h, uma com roda de conversa sobre sa\u00fade da mulher, autocuidado e m\u00e9todos contraceptivos.<\/p>\n<p>O evento \u00e9 uma A\u00e7\u00e3o do Outubro Rosa e acontece no audit\u00f3rio do SINTESPB (ao lado da ag\u00eancia da Caixa Econ\u00f4mica Federal), no Campus I da UFPB.<\/p>\n","protected":false},"excerpt":{"rendered":"<p>O Ambulat\u00f3rio de Cuidados Farmac\u00eauticos da Farm\u00e1cia Escola junto com o Departamento de Ci\u00eancias Farmac\u00eauticas provem nesta quinta-feira (11), \u00e0s 9h, uma com roda de conversa sobre sa\u00fade da mulher, autocuidado e m\u00e9todos contraceptivos. O evento \u00e9 uma A\u00e7\u00e3o do Outubro Rosa e acontece no audit\u00f3rio do SINTESPB (ao lado da ag\u00eancia da Caixa Econ\u00f4mica&hellip;<\/p>\n","protected":false},"author":8,"featured_media":19170,"comment_status":"closed","ping_status":"closed","sticky":false,"template":"","format":"standard","meta":{"footnotes":""},"categories":[15,417],"tags":[895,1072,155],"class_list":["post-19169","post","type-post","status-publish","format-standard","has-post-thumbnail","hentry","category-noticias","category-noticias-destaque","tag-adufpb-2","tag-outubro-rosa","tag-saude","category-15","category-417","description-off"],"_links":{"self":[{"href":"https:\/\/www.adufpb.org.br\/site\/wp-json\/wp\/v2\/posts\/19169","targetHints":{"allow":["GET"]}}],"collection":[{"href":"https:\/\/www.adufpb.org.br\/site\/wp-json\/wp\/v2\/posts"}],"about":[{"href":"https:\/\/www.adufpb.org.br\/site\/wp-json\/wp\/v2\/types\/post"}],"author":[{"embeddable":true,"href":"https:\/\/www.adufpb.org.br\/site\/wp-json\/wp\/v2\/users\/8"}],"replies":[{"embeddable":true,"href":"https:\/\/www.adufpb.org.br\/site\/wp-json\/wp\/v2\/comments?post=19169"}],"version-history":[{"count":2,"href":"https:\/\/www.adufpb.org.br\/site\/wp-json\/wp\/v2\/posts\/19169\/revisions"}],"predecessor-version":[{"id":19172,"href":"https:\/\/www.adufpb.org.br\/site\/wp-json\/wp\/v2\/posts\/19169\/revisions\/19172"}],"wp:featuredmedia":[{"embeddable":true,"href":"https:\/\/www.adufpb.org.br\/site\/wp-json\/wp\/v2\/media\/19170"}],"wp:attachment":[{"href":"https:\/\/www.adufpb.org.br\/site\/wp-json\/wp\/v2\/media?parent=19169"}],"wp:term":[{"taxonomy":"category","embeddable":true,"href":"https:\/\/www.adufpb.org.br\/site\/wp-json\/wp\/v2\/categories?post=19169"},{"taxonomy":"post_tag","embeddable":true,"href":"https:\/\/www.adufpb.org.br\/site\/wp-json\/wp\/v2\/tags?post=19169"}],"curies":[{"name":"wp","href":"https:\/\/api.w.org\/{rel}","templated":true}]}}