{"id":19130,"date":"2018-10-08T12:38:49","date_gmt":"2018-10-08T15:38:49","guid":{"rendered":"http:\/\/www.adufpb.org.br\/site\/?p=19130"},"modified":"2018-10-09T10:24:01","modified_gmt":"2018-10-09T13:24:01","slug":"adufpb-promove-tarde-das-criancas-no-proximo-sabado-13","status":"publish","type":"post","link":"https:\/\/www.adufpb.org.br\/site\/adufpb-promove-tarde-das-criancas-no-proximo-sabado-13\/","title":{"rendered":"ADUFPB promove \u201cTarde de Brincadeiras de Crian\u00e7a\u201d no pr\u00f3ximo s\u00e1bado (13\/10)"},"content":{"rendered":"<p dir=\"ltr\">A ADUFPB preparou uma programa\u00e7\u00e3o especial para comemorar o Dia das Crian\u00e7as com muita brincadeira e anima\u00e7\u00e3o. A festa ser\u00e1 no pr\u00f3ximo <strong>s\u00e1bado (13\/10), a partir das 13h, na sede sociocultural<\/strong>, localizada na rua Gilvan Muribeca, n\u00ba 8, praia do Cabo Branco.<\/p>\n<p dir=\"ltr\">Das 13h \u00e0s 15h30, a crian\u00e7ada contar\u00e1 com a anima\u00e7\u00e3o do Palha\u00e7o Pipi. \u00c0s 16h, ser\u00e1 apresentada a pe\u00e7a \u201cZ\u00e9 Lins &#8211; O P\u00e1ssaro Poeta\u201d, do grupo teatral pessoense Engenho Imagin\u00e1rio. Para alegrar ainda mais os pequenos, ser\u00e3o servidos lanches e doces durante todo o evento.<\/p>\n<p dir=\"ltr\">A festa \u00e9 aberta aos professores sindicalizados e familiares e ser\u00e1 limitada a 150 pessoas (incluindo adulto e crian\u00e7as). Para participar, basta confirmar presen\u00e7a at\u00e9 a pr\u00f3xima quinta-feira, dia 11. N\u00e3o \u00e9 necess\u00e1rio pagar nada, mas a ADUFPB sugere que os professores levem <strong>um quilo de alimento ou um brinquedo<\/strong>, que ser\u00e1 doado para uma institui\u00e7\u00e3o de caridade.<\/p>\n<p dir=\"ltr\">Durante o evento, tamb\u00e9m ser\u00e1 realizada uma homenagem aos professores em celebra\u00e7\u00e3o ao Dia dos Professores, comemorado na pr\u00f3xima segunda-feira, dia 15.<\/p>\n<p dir=\"ltr\"><strong>Sobre a pe\u00e7a \u201cZ\u00e9 Lins &#8211; O P\u00e1ssaro Poeta\u201d<\/strong><\/p>\n<p dir=\"ltr\">Uma das atra\u00e7\u00f5es da \u201cTarde das Crian\u00e7as\u201d na sede sociocultural ser\u00e1 a montagem \u201cZ\u00e9 Lins \u2013 O p\u00e1ssaro poeta\u201d, uma pe\u00e7a infanto-juvenil inspirada na obra liter\u00e1ria \u201cO Menino que Virou Escritor\u201d, de Ana Maria Machado, com livre adapta\u00e7\u00e3o e dire\u00e7\u00e3o de Valeska Picado. O espet\u00e1culo estreou em 2007, apresentando o autor regionalista brasileiro Jos\u00e9 Lins do Rego e o universo de sua obra por meio da encena\u00e7\u00e3o de sua biografia.<\/p>\n<p dir=\"ltr\">Com hist\u00f3rias, dan\u00e7as e can\u00e7\u00f5es interpretadas pelos brincantes David Muniz, Nan\u00e1 Viana, Carlos An\u00edsio e Valeska Picado, o p\u00fablico conhece alguns dos personagens mais marcantes da vida do menino Ded\u00e9, que se tornou homem e poeta. \u201cZ\u00e9 Lins \u2013 O P\u00e1ssaro Poeta\u201d mescla a manipula\u00e7\u00e3o de bonecos com a interpreta\u00e7\u00e3o dos brincantes, que, assim como na cultura popular, dan\u00e7am e cantam m\u00fasicas ao vivo, tendo a participa\u00e7\u00e3o de um m\u00fasico que executa a trilha sonora das cenas.<\/p>\n<p><strong>AGENDE-SE<\/strong><\/p>\n<p dir=\"ltr\"><span style=\"text-decoration: underline;\"><strong>Tarde das Crian\u00e7as<\/strong><\/span><\/p>\n<p dir=\"ltr\"><strong>Quando:<\/strong> s\u00e1bado, 13 de outubro<\/p>\n<p dir=\"ltr\"><strong>Hor\u00e1rio:<\/strong> 13h<\/p>\n<p dir=\"ltr\"><strong>Local:<\/strong> Sede sociocultural da ADUFPB, na rua Gilvan Muribeca, n\u00ba 88, Cabo Branco<\/p>\n<p dir=\"ltr\"><strong>Atra\u00e7\u00f5es:<\/strong><\/p>\n<ul>\n<li dir=\"ltr\">\n<p dir=\"ltr\">13h \u00e0s 14h &#8211; Palha\u00e7o Pipi<\/p>\n<\/li>\n<li dir=\"ltr\">\n<p dir=\"ltr\">16h &#8211; Apresenta\u00e7\u00e3o da pe\u00e7a \u201cZ\u00e9 Lins &#8211; O P\u00e1ssaro Poeta\u201d<\/p>\n<\/li>\n<li dir=\"ltr\">\n<p dir=\"ltr\">Distribui\u00e7\u00e3o de lanches e doces<\/p>\n<\/li>\n<\/ul>\n<p><em>Fonte: Ascom ADUFPB<\/em><\/p>\n<p><a href=\"http:\/\/www.adufpb.org.br\/site\/wp-content\/uploads\/2018\/10\/PALHA\u00c7O-PIPI.jpg\"><img loading=\"lazy\" decoding=\"async\" class=\"alignleft size-medium wp-image-19135\" alt=\"PALHA\u00c7O PIPI\" src=\"http:\/\/www.adufpb.org.br\/site\/wp-content\/uploads\/2018\/10\/PALHA\u00c7O-PIPI-244x300.jpg\" width=\"244\" height=\"300\" srcset=\"https:\/\/www.adufpb.org.br\/site\/wp-content\/uploads\/2018\/10\/PALHA\u00c7O-PIPI-244x300.jpg 244w, https:\/\/www.adufpb.org.br\/site\/wp-content\/uploads\/2018\/10\/PALHA\u00c7O-PIPI.jpg 540w\" sizes=\"auto, (max-width: 244px) 100vw, 244px\" \/><\/a><\/p>\n<p>&nbsp;<\/p>\n<p>&nbsp;<\/p>\n<p>&nbsp;<\/p>\n<p>&nbsp;<\/p>\n<p>&nbsp;<\/p>\n<p>&nbsp;<\/p>\n<p>&nbsp;<\/p>\n<p>&nbsp;<\/p>\n<p>&nbsp;<\/p>\n<p>&nbsp;<\/p>\n<p>Palha\u00e7o Pipi<\/p>\n<p>Cenas da pe\u00e7a teatral &#8220;Z\u00e9 Lins &#8211; O P\u00e1ssaro Poeta&#8221;<\/p>\n<p><a href=\"http:\/\/www.adufpb.org.br\/site\/wp-content\/uploads\/2018\/10\/981074_769837299816879_4861907654199486201_o.jpg\"><img loading=\"lazy\" decoding=\"async\" class=\"alignleft size-medium wp-image-19137\" alt=\"981074_769837299816879_4861907654199486201_o\" src=\"http:\/\/www.adufpb.org.br\/site\/wp-content\/uploads\/2018\/10\/981074_769837299816879_4861907654199486201_o-300x166.jpg\" width=\"300\" height=\"166\" srcset=\"https:\/\/www.adufpb.org.br\/site\/wp-content\/uploads\/2018\/10\/981074_769837299816879_4861907654199486201_o-300x166.jpg 300w, https:\/\/www.adufpb.org.br\/site\/wp-content\/uploads\/2018\/10\/981074_769837299816879_4861907654199486201_o.jpg 800w\" sizes=\"auto, (max-width: 300px) 100vw, 300px\" \/><\/a> <a href=\"http:\/\/www.adufpb.org.br\/site\/wp-content\/uploads\/2018\/10\/maxresdefault.jpg\"><img loading=\"lazy\" decoding=\"async\" class=\"alignleft size-medium wp-image-19138\" alt=\"maxresdefault\" src=\"http:\/\/www.adufpb.org.br\/site\/wp-content\/uploads\/2018\/10\/maxresdefault-300x168.jpg\" width=\"300\" height=\"168\" srcset=\"https:\/\/www.adufpb.org.br\/site\/wp-content\/uploads\/2018\/10\/maxresdefault-300x168.jpg 300w, https:\/\/www.adufpb.org.br\/site\/wp-content\/uploads\/2018\/10\/maxresdefault-1024x576.jpg 1024w, https:\/\/www.adufpb.org.br\/site\/wp-content\/uploads\/2018\/10\/maxresdefault.jpg 1920w\" sizes=\"auto, (max-width: 300px) 100vw, 300px\" \/><\/a> <a href=\"http:\/\/www.adufpb.org.br\/site\/wp-content\/uploads\/2018\/10\/t.jpg\"><img loading=\"lazy\" decoding=\"async\" class=\"alignleft size-medium wp-image-19139\" alt=\"t\" src=\"http:\/\/www.adufpb.org.br\/site\/wp-content\/uploads\/2018\/10\/t-300x165.jpg\" width=\"300\" height=\"165\" srcset=\"https:\/\/www.adufpb.org.br\/site\/wp-content\/uploads\/2018\/10\/t-300x165.jpg 300w, https:\/\/www.adufpb.org.br\/site\/wp-content\/uploads\/2018\/10\/t.jpg 800w\" sizes=\"auto, (max-width: 300px) 100vw, 300px\" \/><\/a><\/p>\n","protected":false},"excerpt":{"rendered":"<p>A ADUFPB preparou uma programa\u00e7\u00e3o especial para comemorar o Dia das Crian\u00e7as com muita brincadeira e anima\u00e7\u00e3o. A festa ser\u00e1 no pr\u00f3ximo s\u00e1bado (13\/10), a partir das 13h, na sede sociocultural, localizada na rua Gilvan Muribeca, n\u00ba 8, praia do Cabo Branco. Das 13h \u00e0s 15h30, a crian\u00e7ada contar\u00e1 com a anima\u00e7\u00e3o do Palha\u00e7o Pipi.&hellip;<\/p>\n","protected":false},"author":3,"featured_media":19141,"comment_status":"closed","ping_status":"closed","sticky":false,"template":"","format":"standard","meta":{"footnotes":""},"categories":[15,417],"tags":[68,57,496],"class_list":["post-19130","post","type-post","status-publish","format-standard","has-post-thumbnail","hentry","category-noticias","category-noticias-destaque","tag-dia-das-criancas","tag-eventos","tag-festa","category-15","category-417","description-off"],"_links":{"self":[{"href":"https:\/\/www.adufpb.org.br\/site\/wp-json\/wp\/v2\/posts\/19130","targetHints":{"allow":["GET"]}}],"collection":[{"href":"https:\/\/www.adufpb.org.br\/site\/wp-json\/wp\/v2\/posts"}],"about":[{"href":"https:\/\/www.adufpb.org.br\/site\/wp-json\/wp\/v2\/types\/post"}],"author":[{"embeddable":true,"href":"https:\/\/www.adufpb.org.br\/site\/wp-json\/wp\/v2\/users\/3"}],"replies":[{"embeddable":true,"href":"https:\/\/www.adufpb.org.br\/site\/wp-json\/wp\/v2\/comments?post=19130"}],"version-history":[{"count":6,"href":"https:\/\/www.adufpb.org.br\/site\/wp-json\/wp\/v2\/posts\/19130\/revisions"}],"predecessor-version":[{"id":19142,"href":"https:\/\/www.adufpb.org.br\/site\/wp-json\/wp\/v2\/posts\/19130\/revisions\/19142"}],"wp:featuredmedia":[{"embeddable":true,"href":"https:\/\/www.adufpb.org.br\/site\/wp-json\/wp\/v2\/media\/19141"}],"wp:attachment":[{"href":"https:\/\/www.adufpb.org.br\/site\/wp-json\/wp\/v2\/media?parent=19130"}],"wp:term":[{"taxonomy":"category","embeddable":true,"href":"https:\/\/www.adufpb.org.br\/site\/wp-json\/wp\/v2\/categories?post=19130"},{"taxonomy":"post_tag","embeddable":true,"href":"https:\/\/www.adufpb.org.br\/site\/wp-json\/wp\/v2\/tags?post=19130"}],"curies":[{"name":"wp","href":"https:\/\/api.w.org\/{rel}","templated":true}]}}