{"id":19050,"date":"2018-09-20T10:55:31","date_gmt":"2018-09-20T13:55:31","guid":{"rendered":"http:\/\/www.adufpb.org.br\/site\/?p=19050"},"modified":"2018-09-20T18:18:56","modified_gmt":"2018-09-20T21:18:56","slug":"atencao-cancelada-reuniao-do-juridico-que-ocorreria-nesta-quinta-feira-200918","status":"publish","type":"post","link":"https:\/\/www.adufpb.org.br\/site\/atencao-cancelada-reuniao-do-juridico-que-ocorreria-nesta-quinta-feira-200918\/","title":{"rendered":"ATEN\u00c7\u00c3O: Cancelada reuni\u00e3o do jur\u00eddico que ocorreria nesta quinta-feira (20\/09\/18)"},"content":{"rendered":"<div id=\"js_75\" data-ft=\"{&quot;tn&quot;:&quot;K&quot;}\">\n<div id=\"id_5ba3a6ac2037c6a05083564\">\n<p><span style=\"font-size: large;\">Foi CANCELADA a reuni\u00e3o com a assessoria jur\u00eddica da ADUFPB que ocorreria na sede da entidade nesta quinta-feira (20\/9). Uma nova data ser\u00e1 divulgada para discutir as tem\u00e1ticas 3,17% e 1\/3 de f\u00e9rias.<\/span><\/p>\n<div>\n<p><span style=\"font-size: large;\">Na oportunidade, convidamos os\/as professores\/as interessados\/as a participarem da reuni\u00e3o sobre o Artigo 192 e o Processo dos 28,86% no STF 5, a se realizar no dia 27 de setembro de 2018, \u00e0s 15h00, na sede da ADUFPB (Centro de Viv\u00eancia\/UFPB).<\/span><\/p>\n<\/div>\n<\/div>\n<\/div>\n","protected":false},"excerpt":{"rendered":"<p>Foi CANCELADA a reuni\u00e3o com a assessoria jur\u00eddica da ADUFPB que ocorreria na sede da entidade nesta quinta-feira (20\/9). Uma nova data ser\u00e1 divulgada para discutir as tem\u00e1ticas 3,17% e 1\/3 de f\u00e9rias. Na oportunidade, convidamos os\/as professores\/as interessados\/as a participarem da reuni\u00e3o sobre o Artigo 192 e o Processo dos 28,86% no STF 5,&hellip;<\/p>\n","protected":false},"author":3,"featured_media":0,"comment_status":"closed","ping_status":"closed","sticky":false,"template":"","format":"standard","meta":{"footnotes":""},"categories":[15,417],"tags":[],"class_list":["post-19050","post","type-post","status-publish","format-standard","hentry","category-noticias","category-noticias-destaque","category-15","category-417","description-off"],"_links":{"self":[{"href":"https:\/\/www.adufpb.org.br\/site\/wp-json\/wp\/v2\/posts\/19050","targetHints":{"allow":["GET"]}}],"collection":[{"href":"https:\/\/www.adufpb.org.br\/site\/wp-json\/wp\/v2\/posts"}],"about":[{"href":"https:\/\/www.adufpb.org.br\/site\/wp-json\/wp\/v2\/types\/post"}],"author":[{"embeddable":true,"href":"https:\/\/www.adufpb.org.br\/site\/wp-json\/wp\/v2\/users\/3"}],"replies":[{"embeddable":true,"href":"https:\/\/www.adufpb.org.br\/site\/wp-json\/wp\/v2\/comments?post=19050"}],"version-history":[{"count":2,"href":"https:\/\/www.adufpb.org.br\/site\/wp-json\/wp\/v2\/posts\/19050\/revisions"}],"predecessor-version":[{"id":19052,"href":"https:\/\/www.adufpb.org.br\/site\/wp-json\/wp\/v2\/posts\/19050\/revisions\/19052"}],"wp:attachment":[{"href":"https:\/\/www.adufpb.org.br\/site\/wp-json\/wp\/v2\/media?parent=19050"}],"wp:term":[{"taxonomy":"category","embeddable":true,"href":"https:\/\/www.adufpb.org.br\/site\/wp-json\/wp\/v2\/categories?post=19050"},{"taxonomy":"post_tag","embeddable":true,"href":"https:\/\/www.adufpb.org.br\/site\/wp-json\/wp\/v2\/tags?post=19050"}],"curies":[{"name":"wp","href":"https:\/\/api.w.org\/{rel}","templated":true}]}}