{"id":19038,"date":"2018-09-18T16:26:51","date_gmt":"2018-09-18T19:26:51","guid":{"rendered":"http:\/\/www.adufpb.org.br\/site\/?p=19038"},"modified":"2018-09-18T16:26:51","modified_gmt":"2018-09-18T19:26:51","slug":"curso-de-formacao-do-andes-sn-prepara-docentes-para-lutas-e-desafios","status":"publish","type":"post","link":"https:\/\/www.adufpb.org.br\/site\/curso-de-formacao-do-andes-sn-prepara-docentes-para-lutas-e-desafios\/","title":{"rendered":"Curso de Forma\u00e7\u00e3o do ANDES-SN prepara docentes para lutas e desafios"},"content":{"rendered":"<p>Durante tr\u00eas dias, mais de 50 docentes se reuniram na Faculdade de Educa\u00e7\u00e3o da Ufba para o Semin\u00e1rio de Forma\u00e7\u00e3o Pol\u00edtica e Sindical do ANDES-SN. Os participantes representaram se\u00e7\u00f5es sindicais de diversas partes do pa\u00eds. No curso, os docentes trabalharam com caderno de textos, participaram de mesas e grupos de debates. O tema central este ano foi \u201cUniversidade, trabalho e movimento docente\u201d.<\/p>\n<p>O encontro foi organizados pelo Grupo de Trabalho de Pol\u00edtica de Forma\u00e7\u00e3o Sindical (GTPFS) do Sindicato Nacional. Viviane Narvaes, docente da Unirio, destacou a import\u00e2ncia do curso. \u201cEm um momento de crise e resist\u00eancias, \u00e9 um destaque o nosso sindicato ter conseguido mobilizar mais de 60 pessoas para passarem o final de semana todo acumulando experi\u00eancias e discutindo formas de defender a educa\u00e7\u00e3o p\u00fablica e a carreira docente\u201d, opinou.<\/p>\n<p><strong>Quest\u00f5es em debate<\/strong><\/p>\n<p>O encontro debateu quest\u00f5es importantes para o movimento sindical docente: princ\u00edpios e resgate da hist\u00f3ria do ANDES-SN, transforma\u00e7\u00f5es do mundo do trabalho, classes sociais, especificidades do funcionalismo p\u00fablico entre outros.<\/p>\n<p>O \u00faltimo dia teve a palestra de S\u00e2mbara Paula (UECE), com debates te\u00f3ricos sobre o marxismo. S\u00e2mbara apresentou tamb\u00e9m algumas lutas do \u00faltimo per\u00edodo constru\u00eddas pelo ANDES-SN e os movimentos sociais tanto na educa\u00e7\u00e3o quanto no cen\u00e1rio pol\u00edtico geral. Foram apresentadas as mobiliza\u00e7\u00f5es de resist\u00eancia constru\u00eddas pelo Sindicato Nacional frente aos retrocessos, desde as marchas Bras\u00edlia, Greve Geral e a\u00e7\u00f5es locais.<\/p>\n<p>Os demais dias contaram com a presen\u00e7a de palestrantes como Gra\u00e7a Druck (UFBA) Ant\u00f4nio Gon\u00e7alves (UFMA) e Marina Barbosa (UFJF). Leia mais sobre o primeiro e o segundo dia do curso.<\/p>\n<p><strong>Forma\u00e7\u00e3o como uma tarefa permanente<\/strong><\/p>\n<p>Eblin Farage, secret\u00e1ria geral do ANDES-SN, destacou a import\u00e2ncia do curso e a forma\u00e7\u00e3o di\u00e1ria a partir das atividades cotidianas. \u201cA forma\u00e7\u00e3o pol\u00edtica \u00e9 um processo. Ela n\u00e3o se d\u00e1 apenas nos cursos de forma\u00e7\u00e3o. \u00c9 tamb\u00e9m nos congressos, reuni\u00f5es e assembleias. Nosso desafio \u00e9 formar amplamente os militantes, desde sobre como conduzir uma reuni\u00e3o, at\u00e9 conhecerem a hist\u00f3ria do sindicato, da luta de classes e movimento dos trabalhadores. Por isso, esse curso foi um importante passo de prepara\u00e7\u00e3o da nossa categoria\u201d, concluiu.<\/p>\n<p>O curso foi registrado em v\u00eddeos e todas as palestras ser\u00e3o divulgadas posteriormente no site e ve\u00edculos de comunica\u00e7\u00e3o do ANDES-SN.<\/p>\n<p><em>Fonte: ANDES-SN<\/em><\/p>\n","protected":false},"excerpt":{"rendered":"<p>Durante tr\u00eas dias, mais de 50 docentes se reuniram na Faculdade de Educa\u00e7\u00e3o da Ufba para o Semin\u00e1rio de Forma\u00e7\u00e3o Pol\u00edtica e Sindical do ANDES-SN. Os participantes representaram se\u00e7\u00f5es sindicais de diversas partes do pa\u00eds. No curso, os docentes trabalharam com caderno de textos, participaram de mesas e grupos de debates. O tema central este&hellip;<\/p>\n","protected":false},"author":8,"featured_media":19039,"comment_status":"closed","ping_status":"closed","sticky":false,"template":"","format":"standard","meta":{"footnotes":""},"categories":[15],"tags":[92],"class_list":["post-19038","post","type-post","status-publish","format-standard","has-post-thumbnail","hentry","category-noticias","tag-andes","category-15","description-off"],"_links":{"self":[{"href":"https:\/\/www.adufpb.org.br\/site\/wp-json\/wp\/v2\/posts\/19038","targetHints":{"allow":["GET"]}}],"collection":[{"href":"https:\/\/www.adufpb.org.br\/site\/wp-json\/wp\/v2\/posts"}],"about":[{"href":"https:\/\/www.adufpb.org.br\/site\/wp-json\/wp\/v2\/types\/post"}],"author":[{"embeddable":true,"href":"https:\/\/www.adufpb.org.br\/site\/wp-json\/wp\/v2\/users\/8"}],"replies":[{"embeddable":true,"href":"https:\/\/www.adufpb.org.br\/site\/wp-json\/wp\/v2\/comments?post=19038"}],"version-history":[{"count":1,"href":"https:\/\/www.adufpb.org.br\/site\/wp-json\/wp\/v2\/posts\/19038\/revisions"}],"predecessor-version":[{"id":19040,"href":"https:\/\/www.adufpb.org.br\/site\/wp-json\/wp\/v2\/posts\/19038\/revisions\/19040"}],"wp:featuredmedia":[{"embeddable":true,"href":"https:\/\/www.adufpb.org.br\/site\/wp-json\/wp\/v2\/media\/19039"}],"wp:attachment":[{"href":"https:\/\/www.adufpb.org.br\/site\/wp-json\/wp\/v2\/media?parent=19038"}],"wp:term":[{"taxonomy":"category","embeddable":true,"href":"https:\/\/www.adufpb.org.br\/site\/wp-json\/wp\/v2\/categories?post=19038"},{"taxonomy":"post_tag","embeddable":true,"href":"https:\/\/www.adufpb.org.br\/site\/wp-json\/wp\/v2\/tags?post=19038"}],"curies":[{"name":"wp","href":"https:\/\/api.w.org\/{rel}","templated":true}]}}