{"id":19035,"date":"2018-09-17T11:35:06","date_gmt":"2018-09-17T14:35:06","guid":{"rendered":"http:\/\/www.adufpb.org.br\/site\/?p=19035"},"modified":"2018-09-18T20:53:29","modified_gmt":"2018-09-18T23:53:29","slug":"adufpb-promove-reuniao-extraordinaria-com-o-setor-juridico-nesta-terca-feira-18","status":"publish","type":"post","link":"https:\/\/www.adufpb.org.br\/site\/adufpb-promove-reuniao-extraordinaria-com-o-setor-juridico-nesta-terca-feira-18\/","title":{"rendered":"ADUFPB promove reuni\u00e3o extraordin\u00e1ria com o setor jur\u00eddico nesta ter\u00e7a-feira (18)"},"content":{"rendered":"<p>Aten\u00e7\u00e3o, professores inclu\u00eddos no <span style=\"text-decoration: underline;\"><strong>processo dos 28,86%<\/strong><\/span>.<\/p>\n<p>A ADUFPB realiza nesta <span style=\"text-decoration: underline;\"><strong>ter\u00e7a-feira, 18 de setembro<\/strong><\/span>, uma reuni\u00e3o extraordin\u00e1ria com o setor jur\u00eddico para tratar dos novos <span style=\"text-decoration: underline;\"><strong>desdobramentos da a\u00e7\u00e3o rescis\u00f3ria<\/strong><\/span> impetrada pela Uni\u00e3o.<\/p>\n<p>A atividade ocorrer\u00e1 na <span style=\"text-decoration: underline;\"><strong>sede da ADUFPB<\/strong><\/span>, localizada no Centro de Viv\u00eancia do campus I, e est\u00e1 marcada para <span style=\"text-decoration: underline;\"><strong>come\u00e7ar \u00e0s 15h<\/strong><\/span>.<\/p>\n<p><em>Fonte: Ascom ADUFPB<\/em><\/p>\n","protected":false},"excerpt":{"rendered":"<p>Aten\u00e7\u00e3o, professores inclu\u00eddos no processo dos 28,86%. A ADUFPB realiza nesta ter\u00e7a-feira, 18 de setembro, uma reuni\u00e3o extraordin\u00e1ria com o setor jur\u00eddico para tratar dos novos desdobramentos da a\u00e7\u00e3o rescis\u00f3ria impetrada pela Uni\u00e3o. A atividade ocorrer\u00e1 na sede da ADUFPB, localizada no Centro de Viv\u00eancia do campus I, e est\u00e1 marcada para come\u00e7ar \u00e0s 15h.&hellip;<\/p>\n","protected":false},"author":3,"featured_media":19037,"comment_status":"closed","ping_status":"closed","sticky":false,"template":"","format":"standard","meta":{"footnotes":""},"categories":[15,417],"tags":[245,467,242],"class_list":["post-19035","post","type-post","status-publish","format-standard","has-post-thumbnail","hentry","category-noticias","category-noticias-destaque","tag-245","tag-assuntos-juridicos","tag-juridico-2","category-15","category-417","description-off"],"_links":{"self":[{"href":"https:\/\/www.adufpb.org.br\/site\/wp-json\/wp\/v2\/posts\/19035","targetHints":{"allow":["GET"]}}],"collection":[{"href":"https:\/\/www.adufpb.org.br\/site\/wp-json\/wp\/v2\/posts"}],"about":[{"href":"https:\/\/www.adufpb.org.br\/site\/wp-json\/wp\/v2\/types\/post"}],"author":[{"embeddable":true,"href":"https:\/\/www.adufpb.org.br\/site\/wp-json\/wp\/v2\/users\/3"}],"replies":[{"embeddable":true,"href":"https:\/\/www.adufpb.org.br\/site\/wp-json\/wp\/v2\/comments?post=19035"}],"version-history":[{"count":1,"href":"https:\/\/www.adufpb.org.br\/site\/wp-json\/wp\/v2\/posts\/19035\/revisions"}],"predecessor-version":[{"id":19036,"href":"https:\/\/www.adufpb.org.br\/site\/wp-json\/wp\/v2\/posts\/19035\/revisions\/19036"}],"wp:featuredmedia":[{"embeddable":true,"href":"https:\/\/www.adufpb.org.br\/site\/wp-json\/wp\/v2\/media\/19037"}],"wp:attachment":[{"href":"https:\/\/www.adufpb.org.br\/site\/wp-json\/wp\/v2\/media?parent=19035"}],"wp:term":[{"taxonomy":"category","embeddable":true,"href":"https:\/\/www.adufpb.org.br\/site\/wp-json\/wp\/v2\/categories?post=19035"},{"taxonomy":"post_tag","embeddable":true,"href":"https:\/\/www.adufpb.org.br\/site\/wp-json\/wp\/v2\/tags?post=19035"}],"curies":[{"name":"wp","href":"https:\/\/api.w.org\/{rel}","templated":true}]}}