{"id":19028,"date":"2018-09-14T09:50:29","date_gmt":"2018-09-14T12:50:29","guid":{"rendered":"http:\/\/www.adufpb.org.br\/site\/?p=19028"},"modified":"2018-09-14T10:50:05","modified_gmt":"2018-09-14T13:50:05","slug":"exibicao-do-filme-eu-sou-cuba-sera-em-novo-local","status":"publish","type":"post","link":"https:\/\/www.adufpb.org.br\/site\/exibicao-do-filme-eu-sou-cuba-sera-em-novo-local\/","title":{"rendered":"Exibi\u00e7\u00e3o do filme &#8220;Eu Sou Cuba&#8221; ser\u00e1 realizado em novo local"},"content":{"rendered":"<div dir=\"ltr\"><a href=\"http:\/\/www.adufpb.org.br\/site\/wp-content\/uploads\/2018\/09\/soycubaposter.jpg\"><img loading=\"lazy\" decoding=\"async\" class=\"alignright size-medium wp-image-19012\" alt=\"soycubaposter\" src=\"http:\/\/www.adufpb.org.br\/site\/wp-content\/uploads\/2018\/09\/soycubaposter-232x300.jpg\" width=\"232\" height=\"300\" srcset=\"https:\/\/www.adufpb.org.br\/site\/wp-content\/uploads\/2018\/09\/soycubaposter-232x300.jpg 232w, https:\/\/www.adufpb.org.br\/site\/wp-content\/uploads\/2018\/09\/soycubaposter-793x1024.jpg 793w, https:\/\/www.adufpb.org.br\/site\/wp-content\/uploads\/2018\/09\/soycubaposter.jpg 1000w\" sizes=\"auto, (max-width: 232px) 100vw, 232px\" \/><\/a>A sess\u00e3o desta sexta-feira (14\/9) do filme cubano-sovi\u00e9tico\u00a0<i>Eu Sou Cuba<\/i>\u00a0(1964), do cineasta Mikhail Kalatozov, mudou de local e acontecer\u00e1 na\u00a0<b>Sala Multim\u00eddia do CCSA\/UFPB<\/b>, que fica em frente \u00e0 biblioteca do CCSA. O filme ser\u00e1 exibido a partir das 16h30 no\u00a0<a href=\"http:\/\/www.facebook.com\/SoyLocoPorTiAmericaCineclube\" target=\"_blank\" data-saferedirecturl=\"https:\/\/www.google.com\/url?q=http:\/\/www.facebook.com\/SoyLocoPorTiAmericaCineclube&amp;source=gmail&amp;ust=1536689172154000&amp;usg=AFQjCNFAEmr1Q2ExGpiSjH8E_TpyN9eFpg\">Soy Loco por ti America Cineclube<\/a>. A atividade \u00e9 gratuita e aberta a toda a comunidade.\u00a0Usu\u00e1rios do Facebook podem confirmar presen\u00e7a no evento:\u00a0<a href=\"https:\/\/www.facebook.com\/events\/524007488061232\/\" target=\"_blank\" data-saferedirecturl=\"https:\/\/www.google.com\/url?q=https:\/\/www.facebook.com\/events\/524007488061232\/&amp;source=gmail&amp;ust=1536689172154000&amp;usg=AFQjCNGI6VWCfdBkajkCef8QRnT7Ny0V5w\">https:\/\/www.facebook.<wbr \/>com\/events\/524007488061232\/<\/a><\/div>\n<div dir=\"ltr\"><\/div>\n<div dir=\"ltr\">O filme apresenta uma s\u00e9rie de planos-sequ\u00eancia hist\u00f3ricos e uma fotografia sofisticada que formam uma dramaturgia visual que impressiona ainda hoje. No filme de Kalatozov, a t\u00e9cnica est\u00e1 a servi\u00e7o de um projeto est\u00e9tico e de uma utopia. Cada met\u00e1fora visual, como o c\u00e9u que aparece negro at\u00e9 o momento em que acontece a revolu\u00e7\u00e3o, est\u00e1 ligada de forma sentimental ao discurso. Soy Cuba n\u00e3o foi bem aceito pelo governo cubano e nem pelo russo. Ficou praticamente esquecido at\u00e9 que os cineastas Martin Scorcese e Francis Ford Coppola o retiraram do limbo para que os cr\u00edticos do mundo todo o considerassem uma obra-prima.<\/div>\n<div dir=\"ltr\"><\/div>\n<div dir=\"ltr\"><strong>AGENDE-SE<\/strong><\/div>\n<div dir=\"ltr\"><strong>Soy Loco por ti America\u00a0Cineclube<\/strong><\/div>\n<div dir=\"ltr\">\n<div dir=\"ltr\"><\/div>\n<div dir=\"ltr\"><strong>Filme:<\/strong>\u00a0<i>Soy Cuba<\/i>, de Mikhail Kalatozov(Cuba e Uni\u00e3o Sovi\u00e9tica | 1964 | 141 minutos | Classifica\u00e7\u00e3o livre)<\/div>\n<div dir=\"ltr\"><strong>Onde:<\/strong>\u00a0Sala Multim\u00eddia do CCSA\/UFPB<br \/>\n<strong>Como chegar:<\/strong>\u00a0<a href=\"https:\/\/goo.gl\/maps\/SCir1eqYkM12\" target=\"_blank\" data-saferedirecturl=\"https:\/\/www.google.com\/url?q=https:\/\/goo.gl\/maps\/SCir1eqYkM12&amp;source=gmail&amp;ust=1536689172154000&amp;usg=AFQjCNGkBSFzzAWFygxYMg8WO1Usp1cpcg\">https:\/\/goo.gl\/maps\/<wbr \/>SCir1eqYkM12<\/a><br \/>\n<strong>Quando:<\/strong>\u00a014 de setembro \u00e0s 16h30<br \/>\n<strong>Quanto:<\/strong>\u00a0Gratuito<\/div>\n<div><\/div>\n<\/div>\n<div dir=\"ltr\"><strong>Sinopse:<\/strong>\u00a0Quatro hist\u00f3rias ambientadas na Cuba pr\u00e9-revolucion\u00e1ria. Em Havana, Maria envergonha-se quando o homem de quem gosta descobre como ela ganha a vida. Pedro, um campon\u00eas idoso, descobre que a terra que cultiva foi vendida a uma empresa. Um universit\u00e1rio v\u00ea seus amigos serem atacados pela pol\u00edcia quando distribu\u00edam panfletos a favor de Fidel Castro. Por fim, uma fam\u00edlia de camponeses \u00e9 amea\u00e7ada pelas for\u00e7as de Batista.<\/div>\n<div dir=\"ltr\">\n<div dir=\"ltr\">\n<div dir=\"ltr\">\n<div dir=\"ltr\">\n<div dir=\"ltr\"><\/div>\n<div><strong>Trailer:<\/strong><\/div>\n<div dir=\"ltr\"><iframe loading=\"lazy\" src=\"http:\/\/www.youtube.com\/embed\/c8-nzM50slU\" height=\"350\" width=\"425\" frameborder=\"0\"><\/iframe><\/div>\n<\/div>\n<\/div>\n<\/div>\n<\/div>\n","protected":false},"excerpt":{"rendered":"<p>A sess\u00e3o desta sexta-feira (14\/9) do filme cubano-sovi\u00e9tico\u00a0Eu Sou Cuba\u00a0(1964), do cineasta Mikhail Kalatozov, mudou de local e acontecer\u00e1 na\u00a0Sala Multim\u00eddia do CCSA\/UFPB, que fica em frente \u00e0 biblioteca do CCSA. O filme ser\u00e1 exibido a partir das 16h30 no\u00a0Soy Loco por ti America Cineclube. A atividade \u00e9 gratuita e aberta a toda a comunidade.\u00a0Usu\u00e1rios&hellip;<\/p>\n","protected":false},"author":3,"featured_media":0,"comment_status":"closed","ping_status":"closed","sticky":false,"template":"","format":"standard","meta":{"footnotes":""},"categories":[15],"tags":[],"class_list":["post-19028","post","type-post","status-publish","format-standard","hentry","category-noticias","category-15","description-off"],"_links":{"self":[{"href":"https:\/\/www.adufpb.org.br\/site\/wp-json\/wp\/v2\/posts\/19028","targetHints":{"allow":["GET"]}}],"collection":[{"href":"https:\/\/www.adufpb.org.br\/site\/wp-json\/wp\/v2\/posts"}],"about":[{"href":"https:\/\/www.adufpb.org.br\/site\/wp-json\/wp\/v2\/types\/post"}],"author":[{"embeddable":true,"href":"https:\/\/www.adufpb.org.br\/site\/wp-json\/wp\/v2\/users\/3"}],"replies":[{"embeddable":true,"href":"https:\/\/www.adufpb.org.br\/site\/wp-json\/wp\/v2\/comments?post=19028"}],"version-history":[{"count":3,"href":"https:\/\/www.adufpb.org.br\/site\/wp-json\/wp\/v2\/posts\/19028\/revisions"}],"predecessor-version":[{"id":19031,"href":"https:\/\/www.adufpb.org.br\/site\/wp-json\/wp\/v2\/posts\/19028\/revisions\/19031"}],"wp:attachment":[{"href":"https:\/\/www.adufpb.org.br\/site\/wp-json\/wp\/v2\/media?parent=19028"}],"wp:term":[{"taxonomy":"category","embeddable":true,"href":"https:\/\/www.adufpb.org.br\/site\/wp-json\/wp\/v2\/categories?post=19028"},{"taxonomy":"post_tag","embeddable":true,"href":"https:\/\/www.adufpb.org.br\/site\/wp-json\/wp\/v2\/tags?post=19028"}],"curies":[{"name":"wp","href":"https:\/\/api.w.org\/{rel}","templated":true}]}}