{"id":1902,"date":"2011-08-15T11:33:32","date_gmt":"2011-08-15T15:33:32","guid":{"rendered":"http:\/\/www.adufpb.org.br\/site\/adufpb-realiza-passeio-cultural-pelo-roteiro-%e2%80%9ccaminhos-do-frio%e2%80%9d\/"},"modified":"2011-08-15T11:33:32","modified_gmt":"2011-08-15T15:33:32","slug":"adufpb-realiza-passeio-cultural-pelo-roteiro-%e2%80%9ccaminhos-do-frio%e2%80%9d","status":"publish","type":"post","link":"https:\/\/www.adufpb.org.br\/site\/adufpb-realiza-passeio-cultural-pelo-roteiro-%e2%80%9ccaminhos-do-frio%e2%80%9d\/","title":{"rendered":"ADUFPB realiza passeio cultural pelo roteiro \u201cCaminhos do Frio\u201d"},"content":{"rendered":"<p><a href=\"http:\/\/www.adufpb.org.br\/site\/wp-content\/uploads\/2011\/08\/caminhos-do-frio.jpg\"><img loading=\"lazy\" decoding=\"async\" class=\"alignleft size-full wp-image-1901\" title=\"caminhos do frio\" src=\"http:\/\/www.adufpb.org.br\/site\/wp-content\/uploads\/2011\/08\/caminhos-do-frio.jpg\" alt=\"caminhos do frio\" width=\"300\" height=\"225\" \/><\/a>A ADUFPB convida os professores associados, principalmente os aposentados, a participarem de uma viagem cultural aos munic\u00edpios de Alagoa Grande e Areia, na rota \u201cCaminhos do Frio\u201d, que ser\u00e1 realizada no pr\u00f3ximo s\u00e1bado, dia 20 de agosto.<\/p>\n<p>Foi estabelecida uma cota de R$ 50 para os interessados em participar do passeio. O valor inclui degusta\u00e7\u00e3o no Engenho Vol\u00fapia, almo\u00e7o e meia-di\u00e1ria do motorista. Toda a viagem est\u00e1 sendo coordenada pelo professor Jos\u00e9 Nilton.<\/p>\n<p><strong>Confira a programa\u00e7\u00e3o:<\/strong><\/p>\n<p>8h30 \u2013 Concentra\u00e7\u00e3o na Pra\u00e7a da Alegria \u2013 CCHLA \u2013 UFPB<\/p>\n<p>8h45 \u2013 Sa\u00edda com destino a Alagoa Grande<\/p>\n<p>1\u00aa parada \u2013 Caj\u00e1 cafezinho<\/p>\n<p>2\u00aa parada \u2013 Portal Jackson do Pandeiro<\/p>\n<p>3\u00aa parada \u2013 Memorial Jackson do Pandeiro<\/p>\n<p>4\u00aa parada \u2013 Memorial Margarida Alves<\/p>\n<p>5\u00aa parada \u2013 Engenho Vol\u00fapia \u2013 almo\u00e7o<\/p>\n<p>6\u00aa parada \u2013 Centro Hist\u00f3rico de Areia: museus, Memorial Pedro Am\u00e9rico, Teatro Minerva e Sobrado (Senzala 1818)<\/p>\n<p>17h90 \u2013 Regresso a Jo\u00e3o Pessoa<\/p>\n<p><em>Fonte: Ascom ADUFPB<\/em><\/p>\n","protected":false},"excerpt":{"rendered":"<p>A ADUFPB convida os professores associados, principalmente os aposentados, a participarem de uma viagem cultural aos munic\u00edpios de Alagoa Grande e Areia, na rota \u201cCaminhos do Frio\u201d, que ser\u00e1 realizada no pr\u00f3ximo s\u00e1bado, dia 20 de agosto. Foi estabelecida uma cota de R$ 50 para os interessados em participar do passeio. O valor inclui degusta\u00e7\u00e3o&hellip;<\/p>\n","protected":false},"author":3,"featured_media":0,"comment_status":"open","ping_status":"open","sticky":false,"template":"","format":"standard","meta":{"footnotes":""},"categories":[15],"tags":[195],"class_list":["post-1902","post","type-post","status-publish","format-standard","hentry","category-noticias","tag-passeios","category-15","description-off"],"_links":{"self":[{"href":"https:\/\/www.adufpb.org.br\/site\/wp-json\/wp\/v2\/posts\/1902","targetHints":{"allow":["GET"]}}],"collection":[{"href":"https:\/\/www.adufpb.org.br\/site\/wp-json\/wp\/v2\/posts"}],"about":[{"href":"https:\/\/www.adufpb.org.br\/site\/wp-json\/wp\/v2\/types\/post"}],"author":[{"embeddable":true,"href":"https:\/\/www.adufpb.org.br\/site\/wp-json\/wp\/v2\/users\/3"}],"replies":[{"embeddable":true,"href":"https:\/\/www.adufpb.org.br\/site\/wp-json\/wp\/v2\/comments?post=1902"}],"version-history":[{"count":0,"href":"https:\/\/www.adufpb.org.br\/site\/wp-json\/wp\/v2\/posts\/1902\/revisions"}],"wp:attachment":[{"href":"https:\/\/www.adufpb.org.br\/site\/wp-json\/wp\/v2\/media?parent=1902"}],"wp:term":[{"taxonomy":"category","embeddable":true,"href":"https:\/\/www.adufpb.org.br\/site\/wp-json\/wp\/v2\/categories?post=1902"},{"taxonomy":"post_tag","embeddable":true,"href":"https:\/\/www.adufpb.org.br\/site\/wp-json\/wp\/v2\/tags?post=1902"}],"curies":[{"name":"wp","href":"https:\/\/api.w.org\/{rel}","templated":true}]}}