{"id":19002,"date":"2018-09-06T11:45:00","date_gmt":"2018-09-06T14:45:00","guid":{"rendered":"http:\/\/www.adufpb.org.br\/site\/?p=19002"},"modified":"2018-09-06T11:45:00","modified_gmt":"2018-09-06T14:45:00","slug":"com-medida-provisoria-temer-tenta-adiar-reajuste-dos-servidores-federais-de-2019","status":"publish","type":"post","link":"https:\/\/www.adufpb.org.br\/site\/com-medida-provisoria-temer-tenta-adiar-reajuste-dos-servidores-federais-de-2019\/","title":{"rendered":"Com Medida Provis\u00f3ria, Temer tenta adiar reajuste dos servidores federais de 2019"},"content":{"rendered":"<p>O governo publicou no s\u00e1bado (1\u00ba\/9) a Medida Provis\u00f3ria 849\/19. Ela adia novamente as mudan\u00e7as nas tabelas remunerat\u00f3rias de 2019 dos Servidores P\u00fablicos Federais (SPF) do poder executivo, entre eles os docentes. Com o adiamento dos acordos, o governo prev\u00ea economizar R$ 4,7 bilh\u00f5es em um ano. Os reajustes dos ministros do Supremo Tribunal Federal (STF), entretanto, foram mantidos. Os ju\u00edzes do Supremo devem ganhar R$ 39 mil em 2019.<\/p>\n<p>\u201cEssa medida provis\u00f3ria \u00e9 uma tentativa de adiar os efeitos a lei 13.325\/2016 para o ano de 2019. Mas vale registrar que essa lei que nos foi imposta, desestruturou a carreira docente, intensificando a diferen\u00e7a entre os n\u00edveis e as classes e reduzindo nossa carreira a uma tabela salarial. Em 2019, seguindo a tabela da lei, a valoriza\u00e7\u00e3o da dedica\u00e7\u00e3o exclusiva ser\u00e1 reduzida a apenas duas vezes o valor do\/a professor\/a 20h. Nossa luta deve ser pela valoriza\u00e7\u00e3o da carreira e equipara\u00e7\u00e3o entre o reajuste dos diferentes n\u00edveis e classes e a retomada da valoriza\u00e7\u00e3o da dedica\u00e7\u00e3o exclusiva\u201d, afirma Eblin Farage, secret\u00e1ria-geral do ANDES-SN.<\/p>\n<p><strong>A MP 849<\/strong><\/p>\n<p>A MP adia alguns efeitos da Lei 13.325\/16, que \u00e9 fruto de um acordo do governo de Dilma Rousseff com outra entidade sindical durante a Greve Docente de 2015, e modifica a Lei 12.772\/12, que trata da carreira do magist\u00e9rio superior federal. A proposta ser\u00e1 analisada por uma comiss\u00e3o mista de deputados e senadores, antes de ser encaminhada para o Plen\u00e1rio da C\u00e2mara. Se n\u00e3o for votada em quatro meses, a MP perde sua validade.<\/p>\n<p>O ANDES-SN foi contr\u00e1rio ao acordo e \u00e0 lei por considerar que ela desestruturava ainda mais a carreira docente. Para o Sindicato Nacional, a lei desvaloriza os regimes de 40h e de Dedica\u00e7\u00e3o Exclusiva (DE), na medida em que estabelece que o percentual entre 20h e 40h ser\u00e1 de 40% em 2019. Al\u00e9m disso, a lei imp\u00f5e que o regime de DE ter\u00e1 uma rela\u00e7\u00e3o de 100% para 20h. O ANDES-SN tamb\u00e9m criticou os \u00edndices de mudan\u00e7as nas tabelas remunerat\u00f3rias acordados pela outra entidade sindical com o governo federal. Segundo o Sindicato Nacional, os reajustes abaixo das perdas inflacion\u00e1rias achatam os sal\u00e1rios da categoria.<\/p>\n<p>Michel Temer, embora tenha sancionado a lei, vem tentando adiar seus efeitos desde o ano passado. Em 2017 editou a MP 805, que aumentava a contribui\u00e7\u00e3o previdenci\u00e1ria de servidores p\u00fablicos federais de 11% para 14% e postergava as modifica\u00e7\u00f5es das tabelas remunerat\u00f3rias. No entanto, ap\u00f3s press\u00e3o de servidores, o ministro do STF Ricardo Lewandowski suspendeu seus efeitos. Posteriormente, a medida perdeu sua efic\u00e1cia por falta de aprova\u00e7\u00e3o no Congresso Nacional.<\/p>\n<p>Leia <a href=\"http:\/\/portal.andes.org.br\/imprensa\/noticias\/imp-inf-1382606603.pdf\" target=\"_blank\">aqui <\/a>\u00a0o InformANDES Especial sobre a desestrutura\u00e7\u00e3o da carreira do magist\u00e9rio federal<\/p>\n<p><em>Fonte: ANDES-SN<\/em><\/p>\n<p class=\"MsoNormal\" style=\"color: #000000; font-family: 'Times New Roman'; font-size: medium;\"><span style=\"font-family: arial, helvetica, sans-serif;\"><span style=\"font-size: large;\"><strong><span style=\"line-height: 20.7px;\">Com Medida Provis\u00f3ria, Temer tenta adiar reajuste dos servidores federais de 2019<\/span><\/strong><\/span><\/span><span style=\"font-size: 18pt; line-height: 27.6px;\">\u00a0<\/span><\/p>\n<p style=\"color: #000000; font-family: 'Times New Roman'; font-size: medium;\">\n<p class=\"MsoNormal\" style=\"color: #000000; font-family: 'Times New Roman'; font-size: medium;\"><img loading=\"lazy\" decoding=\"async\" style=\"float: left; margin: 5px;\" alt=\"\" src=\"http:\/\/portal.andes.org.br\/imprensa\/noticias\/imp-ult-1684941572.jpg\" width=\"451\" height=\"300\" \/><span style=\"font-family: arial, helvetica, sans-serif;\">O governo publicou no s\u00e1bado (1\u00ba\/9) a Medida Provis\u00f3ria 849\/19. Ela adia novamente as mudan\u00e7as nas tabelas remunerat\u00f3rias de 2019 dos Servidores P\u00fablicos Federais (SPF) do poder executivo, entre eles os docentes. Com o adiamento dos acordos, o governo prev\u00ea economizar R$ 4,7 bilh\u00f5es em um ano. Os reajustes dos ministros do Supremo Tribunal Federal (STF), entretanto, foram mantidos. Os ju\u00edzes do Supremo devem ganhar R$ 39 mil em 2019.<\/span><\/p>\n<p style=\"color: #000000; font-family: 'Times New Roman'; font-size: medium;\">\n<p class=\"MsoNormal\" style=\"color: #000000; font-family: 'Times New Roman'; font-size: medium;\"><span style=\"font-family: arial, helvetica, sans-serif;\">\u201cEssa medida provis\u00f3ria \u00e9 uma tentativa de adiar os efeitos a lei 13.325\/2016 para o ano de 2019. Mas vale registrar que essa lei que nos foi imposta, desestruturou a carreira docente, intensificando a diferen\u00e7a entre os n\u00edveis e as classes e reduzindo nossa carreira a uma tabela salarial. Em 2019, seguindo a tabela da lei, a valoriza\u00e7\u00e3o da dedica\u00e7\u00e3o exclusiva ser\u00e1 reduzida a apenas duas vezes o valor do\/a professor\/a 20h. Nossa luta deve ser pela valoriza\u00e7\u00e3o da carreira e equipara\u00e7\u00e3o entre o reajuste dos diferentes n\u00edveis e classes e a retomada da valoriza\u00e7\u00e3o da dedica\u00e7\u00e3o exclusiva\u201d, afirma Eblin Farage, secret\u00e1ria-geral do ANDES-SN.<\/span><\/p>\n<p style=\"color: #000000; font-family: 'Times New Roman'; font-size: medium;\">\n<p class=\"MsoNormal\" style=\"color: #000000; font-family: 'Times New Roman'; font-size: medium;\"><strong><span style=\"font-family: arial, helvetica, sans-serif;\">A MP 849<\/span><\/strong><\/p>\n<p style=\"color: #000000; font-family: 'Times New Roman'; font-size: medium;\">\n<p class=\"MsoNormal\" style=\"color: #000000; font-family: 'Times New Roman'; font-size: medium;\"><span style=\"font-family: arial, helvetica, sans-serif;\">A MP adia alguns efeitos da Lei 13.325\/16, que \u00e9 fruto de um acordo do governo de Dilma Rousseff com outra entidade sindical durante a Greve Docente de 2015, e modifica a Lei 12.772\/12, que trata da carreira do magist\u00e9rio superior federal. A proposta ser\u00e1 analisada por uma comiss\u00e3o mista de deputados e senadores, antes de ser encaminhada para o Plen\u00e1rio da C\u00e2mara. Se n\u00e3o for votada em quatro meses, a MP perde sua validade.<\/span><\/p>\n<p style=\"color: #000000; font-family: 'Times New Roman'; font-size: medium;\">\n<p class=\"MsoNormal\" style=\"color: #000000; font-family: 'Times New Roman'; font-size: medium;\"><span style=\"font-family: arial, helvetica, sans-serif;\">O ANDES-SN foi contr\u00e1rio ao acordo e \u00e0 lei por considerar que ela desestruturava ainda mais a carreira docente. Para o Sindicato Nacional, a lei desvaloriza os regimes de 40h e de Dedica\u00e7\u00e3o Exclusiva (DE), na medida em que estabelece que o percentual entre 20h e 40h ser\u00e1 de 40% em 2019. Al\u00e9m disso, a lei imp\u00f5e que o regime de DE ter\u00e1 uma rela\u00e7\u00e3o de 100% para 20h. O ANDES-SN tamb\u00e9m criticou os \u00edndices de mudan\u00e7as nas tabelas remunerat\u00f3rias acordados pela outra entidade sindical com o governo federal. Segundo o Sindicato Nacional, os reajustes abaixo das perdas inflacion\u00e1rias achatam os sal\u00e1rios da categoria.<\/span><\/p>\n<p style=\"color: #000000; font-family: 'Times New Roman'; font-size: medium;\">\n<p class=\"MsoNormal\" style=\"color: #000000; font-family: 'Times New Roman'; font-size: medium;\"><span style=\"font-family: arial, helvetica, sans-serif;\">Michel Temer, embora tenha sancionado a lei, vem tentando adiar seus efeitos desde o ano passado. Em 2017 editou a MP 805, que aumentava a contribui\u00e7\u00e3o previdenci\u00e1ria de servidores p\u00fablicos federais de 11% para 14% e postergava as modifica\u00e7\u00f5es das tabelas remunerat\u00f3rias. No entanto, ap\u00f3s press\u00e3o de servidores, o ministro do STF Ricardo Lewandowski suspendeu seus efeitos. Posteriormente, a medida perdeu sua efic\u00e1cia por falta de aprova\u00e7\u00e3o no Congresso Nacional.<\/span><\/p>\n<p style=\"color: #000000; font-family: 'Times New Roman'; font-size: medium;\">\n<p class=\"MsoNormal\" style=\"color: #000000; font-family: 'Times New Roman'; font-size: medium;\"><span style=\"font-family: arial, helvetica, sans-serif;\">Leia\u00a0<a class=\"red-bold\" style=\"font-size: 11px; font-family: Arial, Verdana, sans-serif; color: #cf0000; text-decoration-line: none;\" href=\"http:\/\/portal.andes.org.br\/imprensa\/noticias\/imp-inf-1382606603.pdf\" target=\"_blank\">aqui<\/a>\u00a0o InformANDES Especial sobre a desestrutura\u00e7\u00e3o da carreira do magist\u00e9rio federal\u00a0<\/span><\/p>\n<p style=\"color: #000000; font-family: 'Times New Roman'; font-size: medium;\">\n<p class=\"MsoNormal\" style=\"color: #000000; font-family: 'Times New Roman'; font-size: medium;\"><strong>Leia tamb\u00e9m:<\/strong><\/p>\n<p style=\"color: #000000; font-family: 'Times New Roman'; font-size: medium;\">\n<p class=\"MsoNormal\" style=\"color: #000000; font-family: 'Times New Roman'; font-size: medium;\"><a class=\"red-bold\" style=\"font-size: 11px; font-family: Arial, Verdana, sans-serif; color: #cf0000; text-decoration-line: none;\" href=\"http:\/\/www.andes.org.br\/andes\/print-ultimas-noticias.andes?id=8163\" target=\"_blank\">C\u00e2mara aprova projeto que aprofunda desestrutura\u00e7\u00e3o da carreira docente<\/a><\/p>\n<p style=\"color: #000000; font-family: 'Times New Roman'; font-size: medium;\">\n<p class=\"MsoNormal\" style=\"color: #000000; font-family: 'Times New Roman'; font-size: medium;\"><a class=\"red-bold\" style=\"font-size: 11px; font-family: Arial, Verdana, sans-serif; color: #cf0000; text-decoration-line: none;\" href=\"http:\/\/www.andes.org.br\/andes\/print-ultimas-noticias.andes?id=7909\" target=\"_blank\">ANDES-SN insiste em negocia\u00e7\u00e3o para impedir desestrutura\u00e7\u00e3o da carreira<\/a><\/p>\n<p style=\"color: #000000; font-family: 'Times New Roman'; font-size: medium;\">\n<p class=\"MsoNormal\" style=\"color: #000000; font-family: 'Times New Roman'; font-size: medium;\"><a class=\"red-bold\" style=\"font-size: 11px; font-family: Arial, Verdana, sans-serif; color: #cf0000; text-decoration-line: none;\" href=\"http:\/\/www.andes.org.br\/andes\/print-ultimas-noticias.andes?id=8226\" target=\"_blank\">Senado aprova projeto que altera carreira dos docentes federais<\/a><\/p>\n<p style=\"color: #000000; font-family: 'Times New Roman'; font-size: medium;\">\n<p class=\"MsoNormal\" style=\"color: #000000; font-family: 'Times New Roman'; font-size: medium;\"><span style=\"font-size: small;\"><em><span style=\"font-family: arial, helvetica, sans-serif;\">Com informa\u00e7\u00f5es de EBC e Ag\u00eancia C\u00e2mara Not\u00edcias. Foto: Beto Barata\/PR<\/span><\/em><\/span><\/p>\n<p style=\"color: #000000; font-family: 'Times New Roman'; font-size: medium;\">\n<p>&nbsp;<\/p>\n<div style=\"color: #000000; font-family: sans-serif; font-size: 12px;\" align=\"right\"><strong>Fonte:\u00a0<\/strong>ANDES-SN<\/div>\n<p>&nbsp;<\/p>\n","protected":false},"excerpt":{"rendered":"<p>O governo publicou no s\u00e1bado (1\u00ba\/9) a Medida Provis\u00f3ria 849\/19. Ela adia novamente as mudan\u00e7as nas tabelas remunerat\u00f3rias de 2019 dos Servidores P\u00fablicos Federais (SPF) do poder executivo, entre eles os docentes. Com o adiamento dos acordos, o governo prev\u00ea economizar R$ 4,7 bilh\u00f5es em um ano. Os reajustes dos ministros do Supremo Tribunal Federal&hellip;<\/p>\n","protected":false},"author":3,"featured_media":0,"comment_status":"closed","ping_status":"closed","sticky":false,"template":"","format":"standard","meta":{"footnotes":""},"categories":[15],"tags":[],"class_list":["post-19002","post","type-post","status-publish","format-standard","hentry","category-noticias","category-15","description-off"],"_links":{"self":[{"href":"https:\/\/www.adufpb.org.br\/site\/wp-json\/wp\/v2\/posts\/19002","targetHints":{"allow":["GET"]}}],"collection":[{"href":"https:\/\/www.adufpb.org.br\/site\/wp-json\/wp\/v2\/posts"}],"about":[{"href":"https:\/\/www.adufpb.org.br\/site\/wp-json\/wp\/v2\/types\/post"}],"author":[{"embeddable":true,"href":"https:\/\/www.adufpb.org.br\/site\/wp-json\/wp\/v2\/users\/3"}],"replies":[{"embeddable":true,"href":"https:\/\/www.adufpb.org.br\/site\/wp-json\/wp\/v2\/comments?post=19002"}],"version-history":[{"count":1,"href":"https:\/\/www.adufpb.org.br\/site\/wp-json\/wp\/v2\/posts\/19002\/revisions"}],"predecessor-version":[{"id":19003,"href":"https:\/\/www.adufpb.org.br\/site\/wp-json\/wp\/v2\/posts\/19002\/revisions\/19003"}],"wp:attachment":[{"href":"https:\/\/www.adufpb.org.br\/site\/wp-json\/wp\/v2\/media?parent=19002"}],"wp:term":[{"taxonomy":"category","embeddable":true,"href":"https:\/\/www.adufpb.org.br\/site\/wp-json\/wp\/v2\/categories?post=19002"},{"taxonomy":"post_tag","embeddable":true,"href":"https:\/\/www.adufpb.org.br\/site\/wp-json\/wp\/v2\/tags?post=19002"}],"curies":[{"name":"wp","href":"https:\/\/api.w.org\/{rel}","templated":true}]}}