{"id":1900,"date":"2011-08-15T11:08:35","date_gmt":"2011-08-15T15:08:35","guid":{"rendered":"http:\/\/www.adufpb.org.br\/site\/mesa-redonda-na-ufpb-vai-discutir-o-plano-nacional-de-educacao\/"},"modified":"2011-08-15T16:20:25","modified_gmt":"2011-08-15T20:20:25","slug":"mesa-redonda-na-ufpb-vai-discutir-o-plano-nacional-de-educacao","status":"publish","type":"post","link":"https:\/\/www.adufpb.org.br\/site\/mesa-redonda-na-ufpb-vai-discutir-o-plano-nacional-de-educacao\/","title":{"rendered":"Mesa-redonda na UFPB vai discutir o Plano Nacional de Educa\u00e7\u00e3o"},"content":{"rendered":"<p><a href=\"http:\/\/www.adufpb.org.br\/site\/wp-content\/uploads\/2011\/08\/reuni\u00e3o-dos-10-por-cento.jpg\"><img loading=\"lazy\" decoding=\"async\" class=\"alignleft size-medium wp-image-1869\" title=\"reuni\u00e3o dos 10 por cento\" src=\"http:\/\/www.adufpb.org.br\/site\/wp-content\/uploads\/2011\/08\/reuni\u00e3o-dos-10-por-cento-300x224.jpg\" alt=\"reuni\u00e3o dos 10 por cento\" width=\"300\" height=\"224\" srcset=\"https:\/\/www.adufpb.org.br\/site\/wp-content\/uploads\/2011\/08\/reuni\u00e3o-dos-10-por-cento-300x224.jpg 300w, https:\/\/www.adufpb.org.br\/site\/wp-content\/uploads\/2011\/08\/reuni\u00e3o-dos-10-por-cento.jpg 448w\" sizes=\"auto, (max-width: 300px) 100vw, 300px\" \/><\/a>O Comit\u00ea Para\u00edba da campanha nacional \u201c10% do PIB para a Educa\u00e7\u00e3o, J\u00e1!\u201d realiza nesta ter\u00e7a-feira (16) uma mesa-redonda para discutir o Plano Nacional de Educa\u00e7\u00e3o (PNE) 2011-2020. Pelo menos 19 entidades e organiza\u00e7\u00f5es devem participar do evento, que ser\u00e1 realizado no audit\u00f3rio da Reitoria da UFPB, a partir das 9h.<\/p>\n<p>A mesa-redonda faz parte do cronograma de atividades de mobiliza\u00e7\u00e3o realizadas pela campanha \u201c10% do PIB, J\u00e1!\u201d. Ainda esta semana, nos dias 17 e 18, o tema ser\u00e1 discutido tamb\u00e9m na rodada de assembl\u00e9ias realizadas pela ADUFPB nos campi de Bananeira, Areia e Jo\u00e3o Pessoa. J\u00e1 para a sexta-feira, 19, est\u00e1 programado um ato p\u00fablico.<\/p>\n<p>O calend\u00e1rio de mobiliza\u00e7\u00e3o culminar\u00e1 com o plebiscito nacional que est\u00e1 programado para 15 de novembro e que deve medir a vontade da popula\u00e7\u00e3o a respeito da destina\u00e7\u00e3o dos 10% do PIB para a Educa\u00e7\u00e3o.<\/p>\n<p><strong>Sobre a luta &#8211; <\/strong>Os governos direcionam, hoje, apenas 5% do Produto Interno Bruto para o setor da Educa\u00e7\u00e3o. No projeto do Plano Nacional de Educa\u00e7\u00e3o (PNE) para o per\u00edodo 2011-2020, que est\u00e1 em tramita\u00e7\u00e3o na C\u00e2mara dos Deputados, uma das metas \u00e9 elevar esse percentual para 7%, mas no prazo de at\u00e9 10 anos.<\/p>\n<p>Diversas entidades do Pa\u00eds est\u00e3o agora lutando para modificar o texto do PNE, ampliando o investimento em Educa\u00e7\u00e3o. H\u00e1 ind\u00edcios de que a meta dos 10% seja alcan\u00e7ada, sim, mas que o prazo continue sendo 2020. As entidades sindicais e civis do Pa\u00eds pedem que a aplica\u00e7\u00e3o do recurso comece imediatamente.<\/p>\n<p><strong>AGENDE-SE<\/strong><\/p>\n<p><strong>Mesa-redonda<\/strong><\/p>\n<p><strong>Tema: <\/strong>Plano Nacional de Educa\u00e7\u00e3o<\/p>\n<p><strong>Organiza\u00e7\u00e3o: <\/strong>Campanha \u201c10% do PIB para a Educa\u00e7\u00e3o, J\u00e1!\u201d &#8211; Para\u00edba<\/p>\n<ul>\n<li><strong>Data: <\/strong>16\/08 \u2013 ter\u00e7a-feira<\/li>\n<li><strong>Hor\u00e1rio: <\/strong>9h<\/li>\n<li><strong>Local: <\/strong>Audit\u00f3rio da Reitoria<\/li>\n<\/ul>\n<p><em>Fonte: Ascom ADUFPB<\/em><\/p>\n","protected":false},"excerpt":{"rendered":"<p>O Comit\u00ea Para\u00edba da campanha nacional \u201c10% do PIB para a Educa\u00e7\u00e3o, J\u00e1!\u201d realiza nesta ter\u00e7a-feira (16) uma mesa-redonda para discutir o Plano Nacional de Educa\u00e7\u00e3o (PNE) 2011-2020. Pelo menos 19 entidades e organiza\u00e7\u00f5es devem participar do evento, que ser\u00e1 realizado no audit\u00f3rio da Reitoria da UFPB, a partir das 9h. A mesa-redonda faz parte&hellip;<\/p>\n","protected":false},"author":3,"featured_media":0,"comment_status":"open","ping_status":"open","sticky":false,"template":"","format":"standard","meta":{"footnotes":""},"categories":[15],"tags":[193,95],"class_list":["post-1900","post","type-post","status-publish","format-standard","hentry","category-noticias","tag-10-do-pib","tag-assembleias","category-15","description-off"],"_links":{"self":[{"href":"https:\/\/www.adufpb.org.br\/site\/wp-json\/wp\/v2\/posts\/1900","targetHints":{"allow":["GET"]}}],"collection":[{"href":"https:\/\/www.adufpb.org.br\/site\/wp-json\/wp\/v2\/posts"}],"about":[{"href":"https:\/\/www.adufpb.org.br\/site\/wp-json\/wp\/v2\/types\/post"}],"author":[{"embeddable":true,"href":"https:\/\/www.adufpb.org.br\/site\/wp-json\/wp\/v2\/users\/3"}],"replies":[{"embeddable":true,"href":"https:\/\/www.adufpb.org.br\/site\/wp-json\/wp\/v2\/comments?post=1900"}],"version-history":[{"count":1,"href":"https:\/\/www.adufpb.org.br\/site\/wp-json\/wp\/v2\/posts\/1900\/revisions"}],"predecessor-version":[{"id":1908,"href":"https:\/\/www.adufpb.org.br\/site\/wp-json\/wp\/v2\/posts\/1900\/revisions\/1908"}],"wp:attachment":[{"href":"https:\/\/www.adufpb.org.br\/site\/wp-json\/wp\/v2\/media?parent=1900"}],"wp:term":[{"taxonomy":"category","embeddable":true,"href":"https:\/\/www.adufpb.org.br\/site\/wp-json\/wp\/v2\/categories?post=1900"},{"taxonomy":"post_tag","embeddable":true,"href":"https:\/\/www.adufpb.org.br\/site\/wp-json\/wp\/v2\/tags?post=1900"}],"curies":[{"name":"wp","href":"https:\/\/api.w.org\/{rel}","templated":true}]}}