{"id":18950,"date":"2018-08-30T18:26:08","date_gmt":"2018-08-30T21:26:08","guid":{"rendered":"http:\/\/www.adufpb.org.br\/site\/?p=18950"},"modified":"2018-08-30T18:31:43","modified_gmt":"2018-08-30T21:31:43","slug":"stf-autoriza-terceirizacao-irrestrita","status":"publish","type":"post","link":"https:\/\/www.adufpb.org.br\/site\/stf-autoriza-terceirizacao-irrestrita\/","title":{"rendered":"STF autoriza terceiriza\u00e7\u00e3o irrestrita"},"content":{"rendered":"<div id=\"viewlet-below-content-title\">\n<div id=\"parent-fieldname-description\"><em>Com a decis\u00e3o, empresas podem terceirizar inclusive suas atividades centrais. Trabalhadores terceirizados est\u00e3o submetidos a condi\u00e7\u00f5es mais prec\u00e1rias<\/em><\/div>\n<\/div>\n<div><\/div>\n<div id=\"viewlet-social-like\">A maioria dos ministros do Supremo Tribunal Federal decidiu, nesta quinta-feira 30, que a terceiriza\u00e7\u00e3o irrestrita \u00e9 constitucional.<\/div>\n<div>\n<p>Com a decis\u00e3o, a terceiriza\u00e7\u00e3o de atividades centrais das empresas passa a ter aval da Justi\u00e7a, ap\u00f3s ser sancionada em lei por Michel Temer em 2017. Antes da san\u00e7\u00e3o por Temer, as companhias s\u00f3 podiam terceirizar as chamadas atividades-meio, que n\u00e3o constituem seu foco principal.<\/p>\n<p>Votaram a favor da constitucionalidade da terceiriza\u00e7\u00e3o irrestrita os ministros Lu\u00eds Roberto Barroso e Luiz Fux, relatores do caso, Alexandre de Moraes, Dias Toffoli, Gilmar Mendes e Celso de Mello. Votaram contra a medida Edson Fachin, Rosa Weber, Ricardo Lewandowski e Marco Aur\u00e9lio Mello.<\/p>\n<div id=\"content-core\">\n<div id=\"textstructured\">\n<p>Trabalhadores terceirizados costumam estar submetidos a condi\u00e7\u00f5es mais prec\u00e1rias que aqueles contratados diretamente. Um dossi\u00ea da Central \u00danica dos Trabalhadores (CUT), preparado por t\u00e9cnicos do Departamento Intersindical de Estat\u00edsticas e Estudos Socioecon\u00f4micos (Dieese), revela que os terceirizados recebem sal\u00e1rios 24,7% menores que\u00a0aqueles dos efetivos, permanecem no emprego pela metade do tempo, al\u00e9m de ter jornadas maiores.<\/p>\n<p>Na sess\u00e3o da quarta-feira 29, Gilmar Mendes foi o primeiro a votar, com o placar de 4 x 3 a favor da terceiriza\u00e7\u00e3o das atividades-fim. Ao votar a favor da libera\u00e7\u00e3o das subcontrata\u00e7\u00f5es em todos os casos, ele disse ter &#8220;inveja&#8221; de quem consegue diferenciar atividade-fim de atividade-meio. &#8220;Se n\u00e3o houvesse terceiriza\u00e7\u00e3o n\u00e3o haveria nem Uber.&#8221;<\/p>\n<p>Em 22 de agosto, quando teve in\u00edcio o julgamento, votaram os ministros Lu\u00eds Roberto Barroso, relator da A\u00e7\u00e3o Direta de Preceito Fundamental 324, e Luiz Fux, relator do Recurso Extraordin\u00e1rio com repercuss\u00e3o geral reconhecida 958252, que tratam do mesmo tema.\u00a0Ambos julgaram procedente a ADPF para invalidar trechos da S\u00famula 331 do Tribunal Superior do Trabalho que pro\u00edbem a terceiriza\u00e7\u00e3o de atividade-fim.<\/p>\n<p>Barroso defendeu a terceiriza\u00e7\u00e3o em face da &#8220;revolu\u00e7\u00e3o tecnol\u00f3gica&#8221; atual. \u201cHoje, milh\u00f5es de pessoas se intercomunicam pela internet. Vivemos sob uma nova ideologia, uma nova gram\u00e1tica. N\u00e3o h\u00e1 setor da economia que n\u00e3o tenha sido afetado\u201d, afirmou.<\/p>\n<p>Fachin, por outro lado, foi o respons\u00e1vel por abrir diverg\u00eancia dos relatores. Em seu voto,\u00a0Fachin diz que o TST, diante da aus\u00eancia de lei espec\u00edfica a limitar a terceiriza\u00e7\u00e3o, agiu bem ao aprovar a s\u00famula. &#8220;N\u00e3o h\u00e1 m\u00e1cula \u00e0 independ\u00eancia dos Poderes. A S\u00famula 331 n\u00e3o desbordou, e n\u00e3o inovou. Nada impede atua\u00e7\u00e3o do Judici\u00e1rio, sobreudo neste caso, \u00e0 luz da CLT&#8221;<\/p>\n<p>Tamb\u00e9m contr\u00e1ria \u00e0s terceiriza\u00e7\u00f5es, Rosa Weber afirmou: &#8220;N\u00e3o se cogita de Estado social ou Estado Democr\u00e1tico de Direito que n\u00e3o se assente em s\u00f3lida prote\u00e7\u00e3o ao trabalho e equil\u00edbrio entre os valores sociais do trabalho e a livre iniciativa&#8221;.<\/p>\n<p><em>Fonte: Carta Capital<\/em><\/p>\n<\/div>\n<\/div>\n<\/div>\n","protected":false},"excerpt":{"rendered":"<p>Com a decis\u00e3o, empresas podem terceirizar inclusive suas atividades centrais. Trabalhadores terceirizados est\u00e3o submetidos a condi\u00e7\u00f5es mais prec\u00e1rias A maioria dos ministros do Supremo Tribunal Federal decidiu, nesta quinta-feira 30, que a terceiriza\u00e7\u00e3o irrestrita \u00e9 constitucional. Com a decis\u00e3o, a terceiriza\u00e7\u00e3o de atividades centrais das empresas passa a ter aval da Justi\u00e7a, ap\u00f3s ser sancionada&hellip;<\/p>\n","protected":false},"author":3,"featured_media":18952,"comment_status":"closed","ping_status":"closed","sticky":false,"template":"","format":"standard","meta":{"footnotes":""},"categories":[417],"tags":[475],"class_list":["post-18950","post","type-post","status-publish","format-standard","has-post-thumbnail","hentry","category-noticias-destaque","tag-terceirizacao","category-417","description-off"],"_links":{"self":[{"href":"https:\/\/www.adufpb.org.br\/site\/wp-json\/wp\/v2\/posts\/18950","targetHints":{"allow":["GET"]}}],"collection":[{"href":"https:\/\/www.adufpb.org.br\/site\/wp-json\/wp\/v2\/posts"}],"about":[{"href":"https:\/\/www.adufpb.org.br\/site\/wp-json\/wp\/v2\/types\/post"}],"author":[{"embeddable":true,"href":"https:\/\/www.adufpb.org.br\/site\/wp-json\/wp\/v2\/users\/3"}],"replies":[{"embeddable":true,"href":"https:\/\/www.adufpb.org.br\/site\/wp-json\/wp\/v2\/comments?post=18950"}],"version-history":[{"count":1,"href":"https:\/\/www.adufpb.org.br\/site\/wp-json\/wp\/v2\/posts\/18950\/revisions"}],"predecessor-version":[{"id":18951,"href":"https:\/\/www.adufpb.org.br\/site\/wp-json\/wp\/v2\/posts\/18950\/revisions\/18951"}],"wp:featuredmedia":[{"embeddable":true,"href":"https:\/\/www.adufpb.org.br\/site\/wp-json\/wp\/v2\/media\/18952"}],"wp:attachment":[{"href":"https:\/\/www.adufpb.org.br\/site\/wp-json\/wp\/v2\/media?parent=18950"}],"wp:term":[{"taxonomy":"category","embeddable":true,"href":"https:\/\/www.adufpb.org.br\/site\/wp-json\/wp\/v2\/categories?post=18950"},{"taxonomy":"post_tag","embeddable":true,"href":"https:\/\/www.adufpb.org.br\/site\/wp-json\/wp\/v2\/tags?post=18950"}],"curies":[{"name":"wp","href":"https:\/\/api.w.org\/{rel}","templated":true}]}}