{"id":18917,"date":"2018-08-23T17:37:39","date_gmt":"2018-08-23T20:37:39","guid":{"rendered":"http:\/\/www.adufpb.org.br\/site\/?p=18917"},"modified":"2018-08-23T17:37:39","modified_gmt":"2018-08-23T20:37:39","slug":"candidato-do-psol-ao-governo-do-estado-visita-a-adufpb","status":"publish","type":"post","link":"https:\/\/www.adufpb.org.br\/site\/candidato-do-psol-ao-governo-do-estado-visita-a-adufpb\/","title":{"rendered":"Candidato do PSOL ao Governo do Estado visita a ADUFPB"},"content":{"rendered":"<p>A ADUFPB recebeu a visita do primeiro candidato ao governo do Estado nas elei\u00e7\u00f5es de 2018 na tarde desta quinta-feira (23). O candidato T\u00e1rcio Teixeira, do PSOL, falou sobre a import\u00e2ncia de se aproximar de um p\u00fablico com \u201ctantas pautas em comum\u201d como os professores universit\u00e1rios.<\/p>\n<p>Para ele, o PSOL precisa se fazer presente na elei\u00e7\u00e3o e faz quest\u00e3o de se dizer o \u00fanico grupo pol\u00edtico \u201clivre de golpistas\u201d. \u201cN\u00e3o compactuamos com o golpe de 2016 e nem com a pris\u00e3o do ex-presidente Lula. Achamos importante ter candidatura pr\u00f3pria, mas queremos que a justi\u00e7a seja feita e que o povo possa escolher em quem votar\u201d, disse.<\/p>\n<p>T\u00e1rcio disse que discutir as quest\u00f5es de educa\u00e7\u00e3o e as perdas de direitos dos trabalhadores ser\u00e3o prioridades no seu governo na Para\u00edba e seguem a pauta nacional de seu partido. \u201cQueremos ouvir todos os segmentos para fazer um governo que atenda ao povo\u201d.<\/p>\n<p><a href=\"http:\/\/www.adufpb.org.br\/site\/wp-content\/uploads\/2018\/08\/Editada02.jpg\"><img loading=\"lazy\" decoding=\"async\" class=\" wp-image-18919 alignleft\" alt=\"Editada02\" src=\"http:\/\/www.adufpb.org.br\/site\/wp-content\/uploads\/2018\/08\/Editada02-1024x714.jpg\" width=\"401\" height=\"279\" srcset=\"https:\/\/www.adufpb.org.br\/site\/wp-content\/uploads\/2018\/08\/Editada02-1024x714.jpg 1024w, https:\/\/www.adufpb.org.br\/site\/wp-content\/uploads\/2018\/08\/Editada02-300x209.jpg 300w, https:\/\/www.adufpb.org.br\/site\/wp-content\/uploads\/2018\/08\/Editada02.jpg 1280w\" sizes=\"auto, (max-width: 401px) 100vw, 401px\" \/><\/a><\/p>\n<p>O presidente da ADUFPB Cristiano Bonneau agradeceu a visita do candidato e reiterou que o espa\u00e7o est\u00e1 aberto e que a comunidade acad\u00eamica, assim como os associados do sindicato t\u00eam interesse de ouvir as propostas e ideias de todos os candidatos.<\/p>\n<p>Para Bonneau, o sindicato prima pela democracia e garante o espa\u00e7o ao contradit\u00f3rio. \u201cAqui acreditamos que ouvir os candidatos ao governo do Estado \u00e9 uma forma de contribuir com a melhor escolha na hora do voto\u201d, reiterou.<\/p>\n<p><em>Da ASCOM ADUFPB<\/em><\/p>\n","protected":false},"excerpt":{"rendered":"<p>A ADUFPB recebeu a visita do primeiro candidato ao governo do Estado nas elei\u00e7\u00f5es de 2018 na tarde desta quinta-feira (23). O candidato T\u00e1rcio Teixeira, do PSOL, falou sobre a import\u00e2ncia de se aproximar de um p\u00fablico com \u201ctantas pautas em comum\u201d como os professores universit\u00e1rios. Para ele, o PSOL precisa se fazer presente na&hellip;<\/p>\n","protected":false},"author":8,"featured_media":18918,"comment_status":"closed","ping_status":"closed","sticky":false,"template":"","format":"standard","meta":{"footnotes":""},"categories":[15],"tags":[895],"class_list":["post-18917","post","type-post","status-publish","format-standard","has-post-thumbnail","hentry","category-noticias","tag-adufpb-2","category-15","description-off"],"_links":{"self":[{"href":"https:\/\/www.adufpb.org.br\/site\/wp-json\/wp\/v2\/posts\/18917","targetHints":{"allow":["GET"]}}],"collection":[{"href":"https:\/\/www.adufpb.org.br\/site\/wp-json\/wp\/v2\/posts"}],"about":[{"href":"https:\/\/www.adufpb.org.br\/site\/wp-json\/wp\/v2\/types\/post"}],"author":[{"embeddable":true,"href":"https:\/\/www.adufpb.org.br\/site\/wp-json\/wp\/v2\/users\/8"}],"replies":[{"embeddable":true,"href":"https:\/\/www.adufpb.org.br\/site\/wp-json\/wp\/v2\/comments?post=18917"}],"version-history":[{"count":3,"href":"https:\/\/www.adufpb.org.br\/site\/wp-json\/wp\/v2\/posts\/18917\/revisions"}],"predecessor-version":[{"id":18923,"href":"https:\/\/www.adufpb.org.br\/site\/wp-json\/wp\/v2\/posts\/18917\/revisions\/18923"}],"wp:featuredmedia":[{"embeddable":true,"href":"https:\/\/www.adufpb.org.br\/site\/wp-json\/wp\/v2\/media\/18918"}],"wp:attachment":[{"href":"https:\/\/www.adufpb.org.br\/site\/wp-json\/wp\/v2\/media?parent=18917"}],"wp:term":[{"taxonomy":"category","embeddable":true,"href":"https:\/\/www.adufpb.org.br\/site\/wp-json\/wp\/v2\/categories?post=18917"},{"taxonomy":"post_tag","embeddable":true,"href":"https:\/\/www.adufpb.org.br\/site\/wp-json\/wp\/v2\/tags?post=18917"}],"curies":[{"name":"wp","href":"https:\/\/api.w.org\/{rel}","templated":true}]}}