{"id":1886,"date":"2011-08-10T09:01:34","date_gmt":"2011-08-10T13:01:34","guid":{"rendered":"http:\/\/www.adufpb.org.br\/site\/setor-das-ifes-aponta-necessidade-de-acoes-imediatas-para-pressionar-o-governo\/"},"modified":"2011-08-10T09:01:34","modified_gmt":"2011-08-10T13:01:34","slug":"setor-das-ifes-aponta-necessidade-de-acoes-imediatas-para-pressionar-o-governo","status":"publish","type":"post","link":"https:\/\/www.adufpb.org.br\/site\/setor-das-ifes-aponta-necessidade-de-acoes-imediatas-para-pressionar-o-governo\/","title":{"rendered":"Setor das Ifes aponta necessidade de a\u00e7\u00f5es imediatas para pressionar o governo"},"content":{"rendered":"<p><em>Por Renata Maffezoli<\/em><\/p>\n<p><a href=\"http:\/\/www.adufpb.org.br\/site\/wp-content\/uploads\/2011\/08\/reuni\u00e3o-setor-das-ifes-8-de-agosto.jpg\"><img loading=\"lazy\" decoding=\"async\" class=\"alignleft size-medium wp-image-1885\" title=\"reuni\u00e3o setor das ifes - 8 de agosto\" src=\"http:\/\/www.adufpb.org.br\/site\/wp-content\/uploads\/2011\/08\/reuni\u00e3o-setor-das-ifes-8-de-agosto-300x199.jpg\" alt=\"reuni\u00e3o setor das ifes - 8 de agosto\" width=\"300\" height=\"199\" srcset=\"https:\/\/www.adufpb.org.br\/site\/wp-content\/uploads\/2011\/08\/reuni\u00e3o-setor-das-ifes-8-de-agosto-300x199.jpg 300w, https:\/\/www.adufpb.org.br\/site\/wp-content\/uploads\/2011\/08\/reuni\u00e3o-setor-das-ifes-8-de-agosto.jpg 447w\" sizes=\"auto, (max-width: 300px) 100vw, 300px\" \/><\/a>Categoria indignada e com disposi\u00e7\u00e3o para o embate. Esta foi a avalia\u00e7\u00e3o feita pelos representantes de 31 se\u00e7\u00f5es sindicais do Setor das Institui\u00e7\u00f5es Federais de Ensino Superior (Ifes) do ANDES-SN, que se reuniram nos \u00faltimos dias 6 e 7 em Bras\u00edlia, para um balan\u00e7o da rodada nacional de assembleias gerais realizadas pelas se\u00e7\u00f5es entre 1 e 5 de agosto.<\/p>\n<p>Na an\u00e1lise dos presentes, os resultados dessas reuni\u00f5es explicitam o alto grau de insatisfa\u00e7\u00e3o dos docentes com as prec\u00e1rias condi\u00e7\u00f5es de trabalho e salarial e a maior disposi\u00e7\u00e3o de luta dos professores. Em muitas das plen\u00e1rias, houve a delibera\u00e7\u00e3o por indicativo de greve e paralisa\u00e7\u00e3o das atividades.<\/p>\n<p>Para os 41 participantes do encontro do Setor das Ifes, estas decis\u00f5es evidenciam que a categoria n\u00e3o ag\u00fcenta mais prorroga\u00e7\u00f5es na negocia\u00e7\u00e3o e apontam para a necessidade de combater a situa\u00e7\u00e3o com a radicaliza\u00e7\u00e3o do movimento, como forma de enfrentar a intransig\u00eancia do governo em apresentar propostas que possibilitem um avan\u00e7o nas negocia\u00e7\u00f5es com os docentes. Uma nova reuni\u00e3o entre os professores e o Minist\u00e9rio do Planejamento (MP) est\u00e1 agendada para esta ter\u00e7a-feira (9\/8).<\/p>\n<p><strong>A\u00e7\u00f5es imediatas<\/strong><\/p>\n<p><a href=\"http:\/\/www.adufpb.org.br\/site\/wp-content\/uploads\/2011\/08\/reuni\u00e3o-setor-das-ifes-8-de-agosto-2.jpg\"><img loading=\"lazy\" decoding=\"async\" class=\"alignright size-medium wp-image-1884\" title=\"reuni\u00e3o setor das ifes - 8 de agosto - 2\" src=\"http:\/\/www.adufpb.org.br\/site\/wp-content\/uploads\/2011\/08\/reuni\u00e3o-setor-das-ifes-8-de-agosto-2-300x161.jpg\" alt=\"reuni\u00e3o setor das ifes - 8 de agosto - 2\" width=\"300\" height=\"161\" srcset=\"https:\/\/www.adufpb.org.br\/site\/wp-content\/uploads\/2011\/08\/reuni\u00e3o-setor-das-ifes-8-de-agosto-2-300x161.jpg 300w, https:\/\/www.adufpb.org.br\/site\/wp-content\/uploads\/2011\/08\/reuni\u00e3o-setor-das-ifes-8-de-agosto-2.jpg 452w\" sizes=\"auto, (max-width: 300px) 100vw, 300px\" \/><\/a>Frente a este panorama, o coletivo do Setor das Ifes prop\u00f4s uma s\u00e9rie de iniciativas imediatas para o movimento docente, para fortalecer e unificar a luta da categoria. A orienta\u00e7\u00e3o \u00e9 para que as se\u00e7\u00f5es sindicais convoquem assembleias gerais, em regime de urg\u00eancia, entre 10 e 12 de agosto. Os encontros dever\u00e3o ter como pauta a avalia\u00e7\u00e3o da proposta do governo e mobiliza\u00e7\u00e3o da categoria (indicativo de greve) e a Jornada Nacional de Lutas do m\u00eas de agosto.<\/p>\n<p>As se\u00e7\u00f5es sindicais devem tamb\u00e9m constituir imediatamente comandos locais de mobiliza\u00e7\u00e3o e intensificar a comunica\u00e7\u00e3o com os professores e com a sociedade, atrav\u00e9s dos mais diversos meios. Al\u00e9m disso, a orienta\u00e7\u00e3o \u00e9 de que acionem seus sindicalizados para enviar e-mails de manifesta\u00e7\u00e3o aos ministros da Educa\u00e7\u00e3o e do Planejamento.<\/p>\n<p><strong>Pr\u00f3ximo encontro do Setor<\/strong><\/p>\n<p>Uma nova reuni\u00e3o do setor das Ifes deve ocorrer no pr\u00f3ximo dia 13 de agosto, na Casa do Professor, na Universidade de Bras\u00edlia (UNB), para avaliar a proposta do governo e as delibera\u00e7\u00f5es da nova rodada de assembleias.<\/p>\n<p><a href=\"http:\/\/portal.andes.org.br\/imprensa\/noticias\/imp-ult-24330896.PDF\" target=\"_blank\">&#8211; Confira o relat\u00f3rio da reuni\u00e3o do Setor das Ifes<\/a><\/p>\n<p><strong>Negocia\u00e7\u00e3o com o governo<\/strong><\/p>\n<p><a href=\"http:\/\/www.adufpb.org.br\/site\/wp-content\/uploads\/2011\/08\/reuni\u00e3o-setor-das-ifes-8-de-agosto-3.jpg\"><img loading=\"lazy\" decoding=\"async\" class=\"alignleft size-medium wp-image-1883\" title=\"reuni\u00e3o setor das ifes - 8 de agosto - 3\" src=\"http:\/\/www.adufpb.org.br\/site\/wp-content\/uploads\/2011\/08\/reuni\u00e3o-setor-das-ifes-8-de-agosto-3-300x192.jpg\" alt=\"reuni\u00e3o setor das ifes - 8 de agosto - 3\" width=\"300\" height=\"192\" srcset=\"https:\/\/www.adufpb.org.br\/site\/wp-content\/uploads\/2011\/08\/reuni\u00e3o-setor-das-ifes-8-de-agosto-3-300x192.jpg 300w, https:\/\/www.adufpb.org.br\/site\/wp-content\/uploads\/2011\/08\/reuni\u00e3o-setor-das-ifes-8-de-agosto-3.jpg 433w\" sizes=\"auto, (max-width: 300px) 100vw, 300px\" \/><\/a>Em mar\u00e7o deste ano, o ANDES-SN protocolou junto ao Governo Federal a proposta de Reestrutura\u00e7\u00e3o da Carreira Docente e a Pauta Geral da Campanha 2011 aprovadas no 30\u00ba Congresso do Sindicato Nacional. As propostas dos docentes das Ifes tamb\u00e9m foram enviadas a todos os parlamentares federais e para a Associa\u00e7\u00e3o Nacional de Dirigentes das Ifes (Andifes). Desde ent\u00e3o, o ANDES-SN, atrav\u00e9s de suas regionais e se\u00e7\u00f5es sindicais, tem promovido amplo debate e divulga\u00e7\u00e3o dos documentos.<\/p>\n<p>As rodadas de negocia\u00e7\u00f5es com o governo tiveram in\u00edcio em maio e, apesar da disponibilidade dos docentes em flexibilizar alguns pontos da pauta, nenhum avan\u00e7o foi registrado at\u00e9 o momento. Da mesma forma, as diversas reuni\u00f5es realizadas entre o F\u00f3rum das Entidades dos Servidores P\u00fablicos Federais (SPF) e o governo tiveram resultado frustrante.<\/p>\n<p>Ap\u00f3s alguns encontros, o Secret\u00e1rio de Recursos Humanos do MP, Duvanier Paiva, convocou as entidades representantes dos servidores No dia 21\/7, para informar que o governo n\u00e3o negociaria a pauta geral e que n\u00e3o haveria reposi\u00e7\u00e3o unificada das perdas salariais dos SPF tanto em 2011, quanto em 2012, encerrando assim o di\u00e1logo com o F\u00f3rum.<\/p>\n<p>No dia 29\/7, o ANDES-SN encaminhou ao governo uma contraproposta emergencial para negocia\u00e7\u00e3o da pauta espec\u00edfica. Por\u00e9m, na \u00faltima reuni\u00e3o (realizada em 2\/8), o representante do MP na mesa, Duvanier Paiva, alegou desconhecer o conte\u00fado do documento.<\/p>\n<p>O secret\u00e1rio de Recursos Humanos do MP ressaltou a necessidade de se alcan\u00e7ar consenso em torno de algumas quest\u00f5es, para que possam ser inclu\u00eddas na Lei Or\u00e7ament\u00e1ria Anual (LOA) para 2012 que deve ser conclu\u00edda em 31\/8. No entanto, Paiva demonstrou tamb\u00e9m a inflexibilidade em negociar o plano de carreira defendido pelo governo e n\u00e3o deixou claro qual o percentual de reajuste ou impacto sobre a folha, que est\u00e1 sendo trabalhado pelo MP.<\/p>\n<p>Na pr\u00f3xima reuni\u00e3o, agendada para esta ter\u00e7a-feira, 9\/8, o governo deve apresentar uma proposta em cima dos termos contidos na contraproposta do ANDES-SN e do que foi debatido no \u00faltimo encontro.<\/p>\n<p><em>Fonte: ANDES-SN<\/em><\/p>\n","protected":false},"excerpt":{"rendered":"<p>Por Renata Maffezoli Categoria indignada e com disposi\u00e7\u00e3o para o embate. Esta foi a avalia\u00e7\u00e3o feita pelos representantes de 31 se\u00e7\u00f5es sindicais do Setor das Institui\u00e7\u00f5es Federais de Ensino Superior (Ifes) do ANDES-SN, que se reuniram nos \u00faltimos dias 6 e 7 em Bras\u00edlia, para um balan\u00e7o da rodada nacional de assembleias gerais realizadas pelas&hellip;<\/p>\n","protected":false},"author":3,"featured_media":0,"comment_status":"open","ping_status":"open","sticky":false,"template":"","format":"standard","meta":{"footnotes":""},"categories":[15],"tags":[190],"class_list":["post-1886","post","type-post","status-publish","format-standard","hentry","category-noticias","tag-campanha-salarial-2011","category-15","description-off"],"_links":{"self":[{"href":"https:\/\/www.adufpb.org.br\/site\/wp-json\/wp\/v2\/posts\/1886","targetHints":{"allow":["GET"]}}],"collection":[{"href":"https:\/\/www.adufpb.org.br\/site\/wp-json\/wp\/v2\/posts"}],"about":[{"href":"https:\/\/www.adufpb.org.br\/site\/wp-json\/wp\/v2\/types\/post"}],"author":[{"embeddable":true,"href":"https:\/\/www.adufpb.org.br\/site\/wp-json\/wp\/v2\/users\/3"}],"replies":[{"embeddable":true,"href":"https:\/\/www.adufpb.org.br\/site\/wp-json\/wp\/v2\/comments?post=1886"}],"version-history":[{"count":0,"href":"https:\/\/www.adufpb.org.br\/site\/wp-json\/wp\/v2\/posts\/1886\/revisions"}],"wp:attachment":[{"href":"https:\/\/www.adufpb.org.br\/site\/wp-json\/wp\/v2\/media?parent=1886"}],"wp:term":[{"taxonomy":"category","embeddable":true,"href":"https:\/\/www.adufpb.org.br\/site\/wp-json\/wp\/v2\/categories?post=1886"},{"taxonomy":"post_tag","embeddable":true,"href":"https:\/\/www.adufpb.org.br\/site\/wp-json\/wp\/v2\/tags?post=1886"}],"curies":[{"name":"wp","href":"https:\/\/api.w.org\/{rel}","templated":true}]}}