{"id":18787,"date":"2018-08-07T11:46:10","date_gmt":"2018-08-07T14:46:10","guid":{"rendered":"http:\/\/www.adufpb.org.br\/site\/?p=18787"},"modified":"2018-08-10T09:44:41","modified_gmt":"2018-08-10T12:44:41","slug":"professores-fazem-assembleia-quinta-feira-98-docentes-de-areia-e-litoral-norte-reunem-se-em-joao-pessoa","status":"publish","type":"post","link":"https:\/\/www.adufpb.org.br\/site\/professores-fazem-assembleia-quinta-feira-98-docentes-de-areia-e-litoral-norte-reunem-se-em-joao-pessoa\/","title":{"rendered":"Professores fazem assembleia quinta-feira (9\/8); docentes de Areia e Litoral Norte re\u00fanem-se em Jo\u00e3o Pessoa"},"content":{"rendered":"<p>A ADUFPB promove nova assembleia docente nesta quinta-feira, dia 9 de agosto. Em Jo\u00e3o Pessoa, a atividade ser\u00e1 no audit\u00f3rio 411 do CCHLA, a partir das 9h, e reunir\u00e1 tamb\u00e9m os docentes dos campi Litoral Norte e Areia. J\u00e1 em Bananeiras, a assembleia est\u00e1 marcada para 9h30 e ser\u00e1 realizada na sala de reuni\u00f5es do CAVN.<\/p>\n<p>Entre os temas de pauta est\u00e1 o recente an\u00fancio de que as bolsas ofertadas pela CAPES poder\u00e3o ser suspensas a partir de agosto de 2019. Um of\u00edcio do Conselho Superior da CAPES emitido no dia 2 de agosto detalhou o problema or\u00e7ament\u00e1rio.\u00a0Assinada pelo presidente da entidade, Ab\u00edlio Baeta Neves, a carta denuncia que a partir de agosto de 2019, se for mantido o corte, o pagamento de todos bolsistas de mestrado, doutorado e p\u00f3s-doutorado ser\u00e1 suspenso.<\/p>\n<p>Direcionado ao ministro da educa\u00e7\u00e3o, Rossielli Soares da Silva, o texto alerta que o teto or\u00e7ament\u00e1rio imposto pelo MEC representa um corte significativo. \u201cCaso seja mantido esse teto, os impactos ser\u00e3o graves para os Programas de Fomento da Ag\u00eancia\u201d, afirma o texto.<\/p>\n<p>Tal medida vai atingir mais de 90 mil discentes pesquisadores, interrompendo os programas de fomento \u00e0 p\u00f3s-gradua\u00e7\u00e3o, os institucionais (de a\u00e7\u00e3o continuada) e os estrat\u00e9gicos (editais de indu\u00e7\u00e3o e acordos de parceria com os estados e outros \u00f3rg\u00e3os governamentais).<\/p>\n<p>Segundo o texto, se o corte or\u00e7ament\u00e1rio for mantido, em agosto de 2019, haver\u00e1 a suspens\u00e3o dos pagamentos de 105 mil bolsistas dos programas voltados \u00e0 forma\u00e7\u00e3o de professores da Educa\u00e7\u00e3o B\u00e1sica.<\/p>\n<p>O texto alerta que um corte or\u00e7ament\u00e1rio \u201cde tamanha magnitude certamente ser\u00e1 uma grande perda para as rela\u00e7\u00f5es diplom\u00e1ticas brasileiras no campo da educa\u00e7\u00e3o superior e poder\u00e1 prejudicar a imagem do Brasil no exterior\u201d.<\/p>\n<p>\u201cDiante desse quadro, o Conselho Superior da CAPES apoia e solicita uma a\u00e7\u00e3o urgente do Ministro da Educa\u00e7\u00e3o em defesa do or\u00e7amento do MEC que preserve, integralmente, no PLOA 2019 o disposto no Artigo 22 da LDO aprovada no Congresso Nacional.\u201d, encerra a nota.<\/p>\n<p>Confira abaixo os demais pontos de pauta da assembleia da pr\u00f3xima quinta-feira.<\/p>\n<p><span style=\"text-decoration: underline;\"><strong>AGENDE-SE<\/strong><\/span><\/p>\n<p><strong>Assembleia geral<\/strong><\/p>\n<p><strong>Data:<\/strong> 9 de agosto (quinta-feira)<\/p>\n<p><strong>Locais:<\/strong><br \/>\n&#8211; Jo\u00e3o Pessoa &#8211; audit\u00f3rio do CCHLA, \u00e0s 9h (com participa\u00e7\u00e3o dos docentes de Areia e do Litoral Norte)<br \/>\n&#8211; Bananeiras &#8211; sala de reuni\u00f5es do CAVN, \u00e0s 9h30<\/p>\n<p><strong>Pauta:<\/strong><br \/>\n1. Informes<br \/>\n2. Corte de bolsas na Capes<br \/>\n3. Paralisa\u00e7\u00e3o<br \/>\n4. Encaminhamentos<\/p>\n<p><em>Fonte: Ascom ADUFPB<\/em><\/p>\n","protected":false},"excerpt":{"rendered":"<p>A ADUFPB promove nova assembleia docente nesta quinta-feira, dia 9 de agosto. Em Jo\u00e3o Pessoa, a atividade ser\u00e1 no audit\u00f3rio 411 do CCHLA, a partir das 9h, e reunir\u00e1 tamb\u00e9m os docentes dos campi Litoral Norte e Areia. J\u00e1 em Bananeiras, a assembleia est\u00e1 marcada para 9h30 e ser\u00e1 realizada na sala de reuni\u00f5es do&hellip;<\/p>\n","protected":false},"author":3,"featured_media":18792,"comment_status":"closed","ping_status":"closed","sticky":false,"template":"","format":"standard","meta":{"footnotes":""},"categories":[15,417],"tags":[816,104,1141,1142,223],"class_list":["post-18787","post","type-post","status-publish","format-standard","has-post-thumbnail","hentry","category-noticias","category-noticias-destaque","tag-assembleia","tag-capes","tag-cortes-de-bolsas","tag-cortes-orcamentarios","tag-paralisacao","category-15","category-417","description-off"],"_links":{"self":[{"href":"https:\/\/www.adufpb.org.br\/site\/wp-json\/wp\/v2\/posts\/18787","targetHints":{"allow":["GET"]}}],"collection":[{"href":"https:\/\/www.adufpb.org.br\/site\/wp-json\/wp\/v2\/posts"}],"about":[{"href":"https:\/\/www.adufpb.org.br\/site\/wp-json\/wp\/v2\/types\/post"}],"author":[{"embeddable":true,"href":"https:\/\/www.adufpb.org.br\/site\/wp-json\/wp\/v2\/users\/3"}],"replies":[{"embeddable":true,"href":"https:\/\/www.adufpb.org.br\/site\/wp-json\/wp\/v2\/comments?post=18787"}],"version-history":[{"count":5,"href":"https:\/\/www.adufpb.org.br\/site\/wp-json\/wp\/v2\/posts\/18787\/revisions"}],"predecessor-version":[{"id":18793,"href":"https:\/\/www.adufpb.org.br\/site\/wp-json\/wp\/v2\/posts\/18787\/revisions\/18793"}],"wp:featuredmedia":[{"embeddable":true,"href":"https:\/\/www.adufpb.org.br\/site\/wp-json\/wp\/v2\/media\/18792"}],"wp:attachment":[{"href":"https:\/\/www.adufpb.org.br\/site\/wp-json\/wp\/v2\/media?parent=18787"}],"wp:term":[{"taxonomy":"category","embeddable":true,"href":"https:\/\/www.adufpb.org.br\/site\/wp-json\/wp\/v2\/categories?post=18787"},{"taxonomy":"post_tag","embeddable":true,"href":"https:\/\/www.adufpb.org.br\/site\/wp-json\/wp\/v2\/tags?post=18787"}],"curies":[{"name":"wp","href":"https:\/\/api.w.org\/{rel}","templated":true}]}}