{"id":18757,"date":"2018-08-02T12:27:24","date_gmt":"2018-08-02T15:27:24","guid":{"rendered":"http:\/\/www.adufpb.org.br\/site\/?p=18757"},"modified":"2018-08-02T12:36:51","modified_gmt":"2018-08-02T15:36:51","slug":"professores-debatem-violencia-na-ufpb-obras-paradas-e-dia-nacional-do-basta","status":"publish","type":"post","link":"https:\/\/www.adufpb.org.br\/site\/professores-debatem-violencia-na-ufpb-obras-paradas-e-dia-nacional-do-basta\/","title":{"rendered":"Professores debatem viol\u00eancia na UFPB, obras paradas e Dia Nacional do Basta"},"content":{"rendered":"<p dir=\"ltr\">Os recentes casos de viol\u00eancia<a href=\"http:\/\/www.adufpb.org.br\/site\/wp-content\/uploads\/2018\/08\/2018.08.01-assembleia-4.jpeg\"><img loading=\"lazy\" decoding=\"async\" class=\"alignright size-medium wp-image-18761\" alt=\"2018.08.01 - assembleia 4\" src=\"http:\/\/www.adufpb.org.br\/site\/wp-content\/uploads\/2018\/08\/2018.08.01-assembleia-4-300x225.jpeg\" width=\"300\" height=\"225\" srcset=\"https:\/\/www.adufpb.org.br\/site\/wp-content\/uploads\/2018\/08\/2018.08.01-assembleia-4-300x225.jpeg 300w, https:\/\/www.adufpb.org.br\/site\/wp-content\/uploads\/2018\/08\/2018.08.01-assembleia-4-1024x768.jpeg 1024w, https:\/\/www.adufpb.org.br\/site\/wp-content\/uploads\/2018\/08\/2018.08.01-assembleia-4.jpeg 1280w\" sizes=\"auto, (max-width: 300px) 100vw, 300px\" \/><\/a>\u00a0na UFPB, a situa\u00e7\u00e3o das obras inacabadas e em estado de deteriora\u00e7\u00e3o nos campi e a mobiliza\u00e7\u00e3o para o Dia Nacional do Basta foram alguns dos assuntos abordados na reuni\u00e3o ampliada de professores que ocorreu na \u00faltima quarta-feira (1\u00ba) no Centro de Viv\u00eancia da campus I. Por falta de qu\u00f3rum, a atividade n\u00e3o teve car\u00e1ter deliberativo de assembleia.<\/p>\n<p dir=\"ltr\">O presidente da ADUFPB, Cristiano Bonneau, deu in\u00edcio \u00e0 reuni\u00e3o apresentando informes da Diretoria. Falou sobre a nota publicada pela se\u00e7\u00e3o sindical na semana passada cobrando melhorias na pol\u00edtica de seguran\u00e7a da universidade. Casos recentes de viol\u00eancia dentro dos campi t\u00eam preocupado a comunidade universit\u00e1ria. A ADUFPB enviou \u00e0 administra\u00e7\u00e3o central um pedido para agendamento de reuni\u00e3o com a reitora para tratar do assunto.<\/p>\n<p dir=\"ltr\">Assista \u00e0 fala do professor Cristiano:<\/p>\n<div style=\"width: 320px;\" class=\"wp-video\"><video class=\"wp-video-shortcode\" id=\"video-18757-1\" width=\"320\" height=\"240\" preload=\"metadata\" controls=\"controls\"><source type=\"video\/mp4\" src=\"http:\/\/www.adufpb.org.br\/site\/wp-content\/uploads\/2018\/08\/video-cristiano.mp4?_=1\" \/><a href=\"http:\/\/www.adufpb.org.br\/site\/wp-content\/uploads\/2018\/08\/video-cristiano.mp4\">http:\/\/www.adufpb.org.br\/site\/wp-content\/uploads\/2018\/08\/video-cristiano.mp4<\/a><\/video><\/div>\n<p dir=\"ltr\">.<\/p>\n<p dir=\"ltr\">.<\/p>\n<p dir=\"ltr\"><strong>Dia do Basta<\/strong><\/p>\n<p dir=\"ltr\"><a href=\"http:\/\/www.adufpb.org.br\/site\/wp-content\/uploads\/2018\/08\/2018.08.01-assembleia-3.jpeg\"><img loading=\"lazy\" decoding=\"async\" class=\"alignright size-medium wp-image-18760\" alt=\"2018.08.01 - assembleia 3\" src=\"http:\/\/www.adufpb.org.br\/site\/wp-content\/uploads\/2018\/08\/2018.08.01-assembleia-3-300x225.jpeg\" width=\"300\" height=\"225\" srcset=\"https:\/\/www.adufpb.org.br\/site\/wp-content\/uploads\/2018\/08\/2018.08.01-assembleia-3-300x225.jpeg 300w, https:\/\/www.adufpb.org.br\/site\/wp-content\/uploads\/2018\/08\/2018.08.01-assembleia-3-1024x768.jpeg 1024w, https:\/\/www.adufpb.org.br\/site\/wp-content\/uploads\/2018\/08\/2018.08.01-assembleia-3.jpeg 1280w\" sizes=\"auto, (max-width: 300px) 100vw, 300px\" \/><\/a>Em seguida, o vice-presidente da ADUFPB, Fernando Cunha, falou sobre as atividades de mobiliza\u00e7\u00e3o para o Dia Nacional do Basta &#8211; 10 de agosto, data escolhida pelas centrais sindicais para a realiza\u00e7\u00e3o de uma s\u00e9rie de protestos e paralisa\u00e7\u00f5es em todos os estados do pa\u00eds. Os eixos centrais de reivindica\u00e7\u00f5es s\u00e3o: a luta contra o desemprego, contra a terceiriza\u00e7\u00e3o e \u00e0s Reformas Trabalhista e Previdenci\u00e1ria, contra as privatiza\u00e7\u00f5es e pela redu\u00e7\u00e3o no pre\u00e7o dos combust\u00edveis e do g\u00e1s de cozinha.<\/p>\n<p dir=\"ltr\">A diretora de Assuntos de Aposentadoria da ADUFPB, Terezinha Diniz, tamb\u00e9m apresentou informes a respeito do 1\u00ba Encontro Estadual de Seguridade Social e Assuntos de Aposentadoria, realizado de 23 a 26 de julho na sede sociocultural da se\u00e7\u00e3o sindical. Segundo ela, o evento atingiu seu principal objetivo, que era de integra\u00e7\u00e3o entre os professores aposentados e debate de temas pol\u00edticos e sociais de interesse da categoria.<\/p>\n<p dir=\"ltr\"><a href=\"http:\/\/www.adufpb.org.br\/site\/wp-content\/uploads\/2018\/08\/2018.08.01-assembleia.jpeg\"><img loading=\"lazy\" decoding=\"async\" class=\"alignleft size-medium wp-image-18762\" alt=\"2018.08.01 - assembleia\" src=\"http:\/\/www.adufpb.org.br\/site\/wp-content\/uploads\/2018\/08\/2018.08.01-assembleia-300x225.jpeg\" width=\"300\" height=\"225\" srcset=\"https:\/\/www.adufpb.org.br\/site\/wp-content\/uploads\/2018\/08\/2018.08.01-assembleia-300x225.jpeg 300w, https:\/\/www.adufpb.org.br\/site\/wp-content\/uploads\/2018\/08\/2018.08.01-assembleia-1024x768.jpeg 1024w, https:\/\/www.adufpb.org.br\/site\/wp-content\/uploads\/2018\/08\/2018.08.01-assembleia.jpeg 1280w\" sizes=\"auto, (max-width: 300px) 100vw, 300px\" \/><\/a>Terezinha Diniz disse que, ap\u00f3s o evento, surgiram solicita\u00e7\u00f5es para que as atividades tivessem continuidade. Desta forma, algumas oficinas realizadas durante o evento ser\u00e3o retomadas e novas a\u00e7\u00f5es do g\u00eanero devem ser anunciados em breve.<\/p>\n<p><strong>Obras inacabadas<\/strong><\/p>\n<p dir=\"ltr\">Ainda durante a reuni\u00e3o, o professor Ricardo Lucena falou sobre o f\u00f3rum de discuss\u00e3o para tratar do uso da cannabis para fins terap\u00eauticos, que ocorreu na \u00faltima ter\u00e7a-feira (31\/7), organizado pela Liga Can\u00e1bica, com o apoio da ADUFPB, do Sintespb e da UFPB. O evento teve como tema \u201cMaconha: ci\u00eancia e pol\u00edtica de drogas\u201d e trouxe para o debate o diretor do Instituto do C\u00e9rebro da Universidade Federal do Rio Grande do Norte (UFRN) e PhD em neuroci\u00eancias Sidarta Ribeiro.<\/p>\n<p dir=\"ltr\">Ricardo Lucena aproveitou a oportunidade para ler um manifesto de sua autoria sobre o problema das obras paradas e sucateadas que ocupam espa\u00e7os em todos os campi da UFPB. No texto, ele denuncia que existem 61 obras licitadas na UFPB das quais 39 est\u00e3o paradas s\u00f3 no campus I.<\/p>\n<p dir=\"ltr\"><a href=\"http:\/\/www.adufpb.org.br\/site\/wp-content\/uploads\/2018\/08\/2018.08.01-assembleia-2.jpeg\"><img loading=\"lazy\" decoding=\"async\" class=\"alignright size-medium wp-image-18759\" alt=\"2018.08.01 - assembleia 2\" src=\"http:\/\/www.adufpb.org.br\/site\/wp-content\/uploads\/2018\/08\/2018.08.01-assembleia-2-225x300.jpeg\" width=\"225\" height=\"300\" srcset=\"https:\/\/www.adufpb.org.br\/site\/wp-content\/uploads\/2018\/08\/2018.08.01-assembleia-2-225x300.jpeg 225w, https:\/\/www.adufpb.org.br\/site\/wp-content\/uploads\/2018\/08\/2018.08.01-assembleia-2-768x1024.jpeg 768w, https:\/\/www.adufpb.org.br\/site\/wp-content\/uploads\/2018\/08\/2018.08.01-assembleia-2.jpeg 960w\" sizes=\"auto, (max-width: 225px) 100vw, 225px\" \/><\/a>\u201cA degrada\u00e7\u00e3o se anuncia entre n\u00f3s, de forma expl\u00edcita, nas edifica\u00e7\u00f5es que n\u00e3o foram conclu\u00eddas. Como cad\u00e1vares expostos \u00e0 a\u00e7\u00e3o do tempo e sem serventia, ou quase. Tornando-se locais de dep\u00f3sito de restos e rota de roedores. Lamentavelmente a degrada\u00e7\u00e3o se anuncia tamb\u00e9m nas edi\u00e7\u00f5es que foram conclu\u00eddas, mas que se deterioram num tempo muito menor do que o esperado e\/ou anunciado\u201d, relatou o professor.<\/p>\n<p><strong>Informes do 63\u00ba Conad<\/strong><\/p>\n<p dir=\"ltr\">Para finalizar a reuni\u00e3o ampliada, a diretora de Divulga\u00e7\u00e3o e Comunica\u00e7\u00e3o da ADUFPB, Mariza Pinheiro, e o professor Ant\u00f4nio Joaquim Feitosa apresentaram aos docentes informes sobre a o 63\u00ba Conad, realizado em Fortaleza (CE), de 28 de junho a 1\u00ba de julho.<\/p>\n<p dir=\"ltr\">Eles destacaram temas como a agenda de lutas dos setores das Ifes, Iees e Imes, que conta com um Dia Nacional de Luta contra o ass\u00e9dio moral e sexual nas Universidades e um Dia Nacional de Luta contra o Racismo, em novembro, al\u00e9m da luta pelos direitos sexuais e reprodutivos das mulheres e as homenagens \u00e0 funcion\u00e1ria do sindicato F\u00e1tima Alves da Silva e a Marielle Franco, vereadora assassinada no Rio de Janeiro.<\/p>\n<p dir=\"ltr\"><em>Fonte: Ascom ADUFPB<\/em><\/p>\n","protected":false},"excerpt":{"rendered":"<p>Os recentes casos de viol\u00eancia\u00a0na UFPB, a situa\u00e7\u00e3o das obras inacabadas e em estado de deteriora\u00e7\u00e3o nos campi e a mobiliza\u00e7\u00e3o para o Dia Nacional do Basta foram alguns dos assuntos abordados na reuni\u00e3o ampliada de professores que ocorreu na \u00faltima quarta-feira (1\u00ba) no Centro de Viv\u00eancia da campus I. Por falta de qu\u00f3rum, a&hellip;<\/p>\n","protected":false},"author":3,"featured_media":0,"comment_status":"closed","ping_status":"closed","sticky":false,"template":"","format":"standard","meta":{"footnotes":""},"categories":[15],"tags":[816],"class_list":["post-18757","post","type-post","status-publish","format-standard","hentry","category-noticias","tag-assembleia","category-15","description-off"],"_links":{"self":[{"href":"https:\/\/www.adufpb.org.br\/site\/wp-json\/wp\/v2\/posts\/18757","targetHints":{"allow":["GET"]}}],"collection":[{"href":"https:\/\/www.adufpb.org.br\/site\/wp-json\/wp\/v2\/posts"}],"about":[{"href":"https:\/\/www.adufpb.org.br\/site\/wp-json\/wp\/v2\/types\/post"}],"author":[{"embeddable":true,"href":"https:\/\/www.adufpb.org.br\/site\/wp-json\/wp\/v2\/users\/3"}],"replies":[{"embeddable":true,"href":"https:\/\/www.adufpb.org.br\/site\/wp-json\/wp\/v2\/comments?post=18757"}],"version-history":[{"count":6,"href":"https:\/\/www.adufpb.org.br\/site\/wp-json\/wp\/v2\/posts\/18757\/revisions"}],"predecessor-version":[{"id":18766,"href":"https:\/\/www.adufpb.org.br\/site\/wp-json\/wp\/v2\/posts\/18757\/revisions\/18766"}],"wp:attachment":[{"href":"https:\/\/www.adufpb.org.br\/site\/wp-json\/wp\/v2\/media?parent=18757"}],"wp:term":[{"taxonomy":"category","embeddable":true,"href":"https:\/\/www.adufpb.org.br\/site\/wp-json\/wp\/v2\/categories?post=18757"},{"taxonomy":"post_tag","embeddable":true,"href":"https:\/\/www.adufpb.org.br\/site\/wp-json\/wp\/v2\/tags?post=18757"}],"curies":[{"name":"wp","href":"https:\/\/api.w.org\/{rel}","templated":true}]}}