{"id":18718,"date":"2018-07-20T12:10:09","date_gmt":"2018-07-20T15:10:09","guid":{"rendered":"http:\/\/www.adufpb.org.br\/site\/?p=18718"},"modified":"2018-07-24T11:16:58","modified_gmt":"2018-07-24T14:16:58","slug":"1o-encontro-de-seguridade-social-e-assuntos-de-aposentadoria-comeca-2a-feira-23","status":"publish","type":"post","link":"https:\/\/www.adufpb.org.br\/site\/1o-encontro-de-seguridade-social-e-assuntos-de-aposentadoria-comeca-2a-feira-23\/","title":{"rendered":"1\u00ba Encontro de Seguridade Social e Assuntos de Aposentadoria come\u00e7a 2\u00aa feira (23)"},"content":{"rendered":"<p dir=\"ltr\"><a href=\"http:\/\/www.adufpb.org.br\/site\/wp-content\/uploads\/2018\/07\/MARCA-DO-ENCONTRO.jpg\"><img loading=\"lazy\" decoding=\"async\" class=\"alignleft size-medium wp-image-18626\" alt=\"MARCA DO ENCONTRO\" src=\"http:\/\/www.adufpb.org.br\/site\/wp-content\/uploads\/2018\/07\/MARCA-DO-ENCONTRO-287x300.jpg\" width=\"287\" height=\"300\" srcset=\"https:\/\/www.adufpb.org.br\/site\/wp-content\/uploads\/2018\/07\/MARCA-DO-ENCONTRO-287x300.jpg 287w, https:\/\/www.adufpb.org.br\/site\/wp-content\/uploads\/2018\/07\/MARCA-DO-ENCONTRO-981x1024.jpg 981w, https:\/\/www.adufpb.org.br\/site\/wp-content\/uploads\/2018\/07\/MARCA-DO-ENCONTRO.jpg 1523w\" sizes=\"auto, (max-width: 287px) 100vw, 287px\" \/><\/a>Come\u00e7a na pr\u00f3xima segunda-feira (23\/7) o 1\u00ba Encontro de Seguridade Social e Assuntos de Aposentadoria, realizado pela ADUFPB. A abertura ocorrer\u00e1 no audit\u00f3rio da Reitoria da UFPB, no campus I, a partir das 9h. Representantes da administra\u00e7\u00e3o da Universidade e das se\u00e7\u00f5es sindicais docentes da UFPB, da UFCG e da UEPB estar\u00e3o presentes \u00e0 cerim\u00f4nia, que contar\u00e1 com uma programa\u00e7\u00e3o cultural, seguida de palestra sobre o tema \u201cAposentados frente \u00e0 conjuntura nacional atual &#8211; Desafios em lutas\u201d.<\/p>\n<p dir=\"ltr\">A abertura ser\u00e1 feita pela Orquestra de Viol\u00f5es da Para\u00edba, que ter\u00e1 reg\u00eancia da maestrina Carla Santos, do Departamento de M\u00fasica da UFPB. Em seguida, haver\u00e1 apresenta\u00e7\u00e3o do coral Vozes da ADUFPB, formada por professores sindicalizados. Sob a reg\u00eancia do maestro Carlos An\u00edsio, o coral vai cantar as m\u00fasicas Para\u00edba meu amor (Chico C\u00e9sar\/ Arranjo: Carlos An\u00edsio), Canto do povo de algum lugar \u00a0(Caetano Veloso\/Arranjo: Ronaldo Garrido) e Talo de Capim (Milton Dornellas\/Ronaldo Monte).<\/p>\n<p dir=\"ltr\">Criado em dezembro de 2012, o Vozes da ADUFPB tem coordena\u00e7\u00e3o da professora doutora Terezinha Diniz e foi formado com o objetivo de estimular talentos e aptid\u00f5es musicais e favorecer a integra\u00e7\u00e3o entre os docentes. O grupo j\u00e1 se apresentou em v\u00e1rios eventos culturais promovidos pelo sindicato, como a Cantata de Natal, e vem participando do Festival de Coros da UFPB desde 2013, entre outras atividades culturais da Universidade.<\/p>\n<p dir=\"ltr\">Ap\u00f3s a programa\u00e7\u00e3o cultural, ser\u00e1 feita a abertura oficial com falas das autoridades presentes. O evento segue com a palestra \u201cAposentados frente \u00e0 conjuntura nacional atual &#8211; Desafios em lutas\u201d, do professor do Departamento de Hist\u00f3ria da UFPB, Jaldes Meneses.<\/p>\n<p><strong>Programa\u00e7\u00e3o<\/strong><\/p>\n<p dir=\"ltr\">As demais atividades do 1\u00ba Encontro de Seguridade Social e Assuntos de Aposentadoria, nos dias 24, 25 e 26 de julho, ser\u00e3o todas realizadas na sede sociocultural da ADUFPB, na rua Gilvan Muribeca, n\u00ba 88, no Cabo Branco.<\/p>\n<p dir=\"ltr\">A proposta do evento \u00e9 reunir docentes aposentados da UFPB, da UFCG e da UEPB em torno de debates sobre temas como conjuntura pol\u00edtica nacional, Reforma da Previd\u00eancia, pol\u00edticas p\u00fablicas para idosos. Al\u00e9m disso, o encontro oferecer\u00e1 oficinas focadas na melhoria da qualidade de vida do profissional aposentado.<\/p>\n<p dir=\"ltr\">Interessados em participar ainda podem se inscrever presencialmente, comparecendo \u00e0 sede da ADUFPB, localizada no Centro de Viv\u00eancia do campus I. Ou pela internet, clicando <a href=\"https:\/\/goo.gl\/forms\/6WDi5HMwSUtPiNvP2\">aqui<\/a>. No ato da inscri\u00e7\u00e3o \u00e9 necess\u00e1rio informar contatos, dados funcionais e se h\u00e1 interesse em participar das oficinas oferecidas.<\/p>\n<p>Confira a programa\u00e7\u00e3o completa abaixo:<\/p>\n<p><span style=\"text-decoration: underline;\"><strong>PROGRAMA\u00c7\u00c3O<\/strong><\/span><\/p>\n<p dir=\"ltr\"><strong>ABERTURA<\/strong><\/p>\n<p dir=\"ltr\">Dia 23 de Julho de 2018 (segunda-feira) &#8211; Hor\u00e1rio: 9horas<\/p>\n<p dir=\"ltr\">Local: Audit\u00f3rio da Reitoria da UFPB<\/p>\n<p dir=\"ltr\">\n<p dir=\"ltr\"><strong>MOMENTO CULTURAL<\/strong><\/p>\n<p dir=\"ltr\">Apresenta\u00e7\u00e3o da Orquestra de Viol\u00f5es da Para\u00edba<\/p>\n<p dir=\"ltr\">Maestrina: Carla Santos (Dept. de M\u00fasica da UFPB)<\/p>\n<p dir=\"ltr\">\n<p dir=\"ltr\">Apresenta\u00e7\u00e3o do Coral \u201cVozes da ADUFPB\u201d<\/p>\n<p dir=\"ltr\">Maestro: Carlos An\u00edsio<\/p>\n<p dir=\"ltr\">\n<p dir=\"ltr\"><strong>PALESTRA DE ABERTURA<\/strong><\/p>\n<p dir=\"ltr\">Aposentados frente \u00e0 conjuntura nacional atual &#8211; Desafios em lutas<\/p>\n<p dir=\"ltr\">Palestrante: \u00a0Prof\u00ba Doutor Jaldes Meneses<\/p>\n<p dir=\"ltr\">Hor\u00e1rio: 10h30<\/p>\n<p dir=\"ltr\">\n<p dir=\"ltr\"><strong>COFFEE BREAK<\/strong><\/p>\n<p dir=\"ltr\">Hall do Audit\u00f3rio da Reitoria<\/p>\n<p dir=\"ltr\">Hor\u00e1rio: \u00a011h30<\/p>\n<p dir=\"ltr\">\n<p dir=\"ltr\"><strong>DIA 24 de julho de 2018 \u00a0(Ter\u00e7a-feira)<\/strong><\/p>\n<p dir=\"ltr\">Local: Sede social da ADUFPB<\/p>\n<p dir=\"ltr\">\n<p dir=\"ltr\">Manh\u00e3 &#8211; PALESTRA E DEBATE<\/p>\n<p dir=\"ltr\">Hor\u00e1rio: 09h00<\/p>\n<p dir=\"ltr\">TEMA: A reforma da Previd\u00eancia e suas<\/p>\n<p dir=\"ltr\">contradi\u00e7\u00f5es com rela\u00e7\u00e3o aos aposentados<\/p>\n<p dir=\"ltr\">Palestrante: Prof\u00ba Doutor Paulo Maia, Presidente da OAB &#8211; Para\u00edba<\/p>\n<p dir=\"ltr\">\n<p dir=\"ltr\">10h30 &#8211; Apresenta\u00e7\u00e3o Cultural<\/p>\n<p dir=\"ltr\">Apresenta\u00e7\u00e3o: Grupo de Dan\u00e7a dos Idosos<\/p>\n<p dir=\"ltr\">&#8211; Prof\u00aa Helena Holanda<\/p>\n<p dir=\"ltr\">\n<p dir=\"ltr\">11h30 &#8211; Coffee break<\/p>\n<p dir=\"ltr\">\n<p dir=\"ltr\">Tarde &#8211; oficinas<\/p>\n<p dir=\"ltr\">A PARTIR DAS 14h30<\/p>\n<p dir=\"ltr\">\n<p dir=\"ltr\">OFICINA 1: O que as quedas falam do<\/p>\n<p dir=\"ltr\">\u00a0\u00a0\u00a0\u00a0estado ativo de presen\u00e7a<\/p>\n<p dir=\"ltr\">Facilitadora: Prof\u00aa Maria Aparecida Bezerra<\/p>\n<p dir=\"ltr\">\n<p dir=\"ltr\">OFICINA 2: Uso de dispositivos m\u00f3veis<\/p>\n<p dir=\"ltr\">\u00a0\u00a0\u00a0com seguran\u00e7a (Trazer o seu celular)<\/p>\n<p dir=\"ltr\">Facilitador: Prof\u00ba Francisco Ribeiro dos Santos J\u00fanior<\/p>\n<p dir=\"ltr\">\n<p dir=\"ltr\">OFICINA 3: Construindo fuxico<\/p>\n<p dir=\"ltr\">Facilitadora: Prof\u00aa Meriland Filgueira de Ara\u00fajo<\/p>\n<p dir=\"ltr\">\n<p dir=\"ltr\">OFICINA 4: Origami<\/p>\n<p dir=\"ltr\">Facilitadora: \u00a0Maria Gorete Xavier da Costa<\/p>\n<p dir=\"ltr\">\n<p dir=\"ltr\"><strong>DIA 25 de julho de 2018 \u00a0(Quarta-feira)<\/strong><\/p>\n<p dir=\"ltr\">Local: Sede Sociocultural da ADUFPB<\/p>\n<p dir=\"ltr\">\n<p dir=\"ltr\">Manh\u00e3 &#8211; PALESTRA E DEBATE<\/p>\n<p dir=\"ltr\">Hor\u00e1rio: 09h00<\/p>\n<p dir=\"ltr\">TEMA: Sa\u00fade em 1\u00ba lugar &#8211; Do acordar ao<\/p>\n<p dir=\"ltr\">dormir (distribui\u00e7\u00e3o de mudas medicinais)<\/p>\n<p dir=\"ltr\">Palestrante: Prof\u00aa Doutora Maria das Gra\u00e7as Toscano<\/p>\n<p dir=\"ltr\">\n<p dir=\"ltr\">Tarde &#8211; oficinas &#8211; A PARTIR DAS 14h30<\/p>\n<p dir=\"ltr\">\n<p dir=\"ltr\">OFICINA 1: Construindo fuxico<\/p>\n<p dir=\"ltr\">Facilitadora: \u00a0Prof\u00aa Meriland Filgueira de Ara\u00fajo<\/p>\n<p dir=\"ltr\">\n<p dir=\"ltr\">OFICINA 2 : Origami<\/p>\n<p dir=\"ltr\">Facilitadora: Maria Gorete Xavier da Costa<\/p>\n<p dir=\"ltr\">\n<p dir=\"ltr\">OFICINA 3: A Linguagem Expressiva da Marcha da Terceira Idade<\/p>\n<p dir=\"ltr\">Facilitadora: Pro\u00aa Sandra Barbosa (CCS)<\/p>\n<p dir=\"ltr\">\n<p dir=\"ltr\"><strong>DIA 26 de julho de 2018 \u00a0(Quinta-feira)<\/strong><\/p>\n<p dir=\"ltr\">Local: \u00a0Sede Sociocultural da ADUFPB<\/p>\n<p dir=\"ltr\">\n<p dir=\"ltr\">Manh\u00e3 &#8211; PALESTRA E DEBATE<\/p>\n<p dir=\"ltr\">Hor\u00e1rio: 09h00<\/p>\n<p dir=\"ltr\">TEMA: Pol\u00edtica p\u00fablicas com foco no projeto Cidade Madura<\/p>\n<p dir=\"ltr\">Palestrante: Prof\u00aa Doutora Maria Aparecida Ramos<\/p>\n<p dir=\"ltr\">\n<p dir=\"ltr\">Tarde &#8211; oficinas &#8211; A PARTIR DAS 14h30<\/p>\n<p dir=\"ltr\">\n<p dir=\"ltr\">OFICINA 1: Atividades funcionais para o idoso<\/p>\n<p dir=\"ltr\">Facilitadora: Ingrid Obermark<\/p>\n<p dir=\"ltr\">\n<p dir=\"ltr\">NOITE DE Encerramento do Encontro (CONFRATERNIZA\u00c7\u00c3O)<\/p>\n<p dir=\"ltr\">COQUETEL na Sede Sociocultural, a partir das 20 horas, com show da Banda Quarteto Nordestino<\/p>\n<p dir=\"ltr\">\n<p dir=\"ltr\"><a href=\"http:\/\/www.adufpb.org.br\/site\/wp-content\/uploads\/2018\/07\/FOLDER-ENCONTRO-DE-APOSENTADOS-1.jpg\"><img loading=\"lazy\" decoding=\"async\" class=\"aligncenter size-large wp-image-18661\" alt=\"FOLDER ENCONTRO DE APOSENTADOS.indd\" src=\"http:\/\/www.adufpb.org.br\/site\/wp-content\/uploads\/2018\/07\/FOLDER-ENCONTRO-DE-APOSENTADOS-1-1024x751.jpg\" width=\"1024\" height=\"751\" srcset=\"https:\/\/www.adufpb.org.br\/site\/wp-content\/uploads\/2018\/07\/FOLDER-ENCONTRO-DE-APOSENTADOS-1-1024x751.jpg 1024w, https:\/\/www.adufpb.org.br\/site\/wp-content\/uploads\/2018\/07\/FOLDER-ENCONTRO-DE-APOSENTADOS-1-300x220.jpg 300w\" sizes=\"auto, (max-width: 1024px) 100vw, 1024px\" \/><\/a><\/p>\n<p dir=\"ltr\"><a href=\"http:\/\/www.adufpb.org.br\/site\/wp-content\/uploads\/2018\/07\/FOLDER-ENCONTRO-DE-APOSENTADOS-2.jpg\"><img loading=\"lazy\" decoding=\"async\" class=\"aligncenter size-large wp-image-18660\" alt=\"FOLDER ENCONTRO DE APOSENTADOS.indd\" src=\"http:\/\/www.adufpb.org.br\/site\/wp-content\/uploads\/2018\/07\/FOLDER-ENCONTRO-DE-APOSENTADOS-2-1024x722.jpg\" width=\"1024\" height=\"722\" srcset=\"https:\/\/www.adufpb.org.br\/site\/wp-content\/uploads\/2018\/07\/FOLDER-ENCONTRO-DE-APOSENTADOS-2-1024x722.jpg 1024w, https:\/\/www.adufpb.org.br\/site\/wp-content\/uploads\/2018\/07\/FOLDER-ENCONTRO-DE-APOSENTADOS-2-300x211.jpg 300w\" sizes=\"auto, (max-width: 1024px) 100vw, 1024px\" \/><\/a><\/p>\n","protected":false},"excerpt":{"rendered":"<p>Come\u00e7a na pr\u00f3xima segunda-feira (23\/7) o 1\u00ba Encontro de Seguridade Social e Assuntos de Aposentadoria, realizado pela ADUFPB. A abertura ocorrer\u00e1 no audit\u00f3rio da Reitoria da UFPB, no campus I, a partir das 9h. Representantes da administra\u00e7\u00e3o da Universidade e das se\u00e7\u00f5es sindicais docentes da UFPB, da UFCG e da UEPB estar\u00e3o presentes \u00e0 cerim\u00f4nia,&hellip;<\/p>\n","protected":false},"author":3,"featured_media":0,"comment_status":"closed","ping_status":"closed","sticky":false,"template":"","format":"standard","meta":{"footnotes":""},"categories":[15,417],"tags":[63,48,86,1067],"class_list":["post-18718","post","type-post","status-publish","format-standard","hentry","category-noticias","category-noticias-destaque","tag-aposentados","tag-assuntos-de-aposentadoria","tag-encontro","tag-seguridade-social","category-15","category-417","description-off"],"_links":{"self":[{"href":"https:\/\/www.adufpb.org.br\/site\/wp-json\/wp\/v2\/posts\/18718","targetHints":{"allow":["GET"]}}],"collection":[{"href":"https:\/\/www.adufpb.org.br\/site\/wp-json\/wp\/v2\/posts"}],"about":[{"href":"https:\/\/www.adufpb.org.br\/site\/wp-json\/wp\/v2\/types\/post"}],"author":[{"embeddable":true,"href":"https:\/\/www.adufpb.org.br\/site\/wp-json\/wp\/v2\/users\/3"}],"replies":[{"embeddable":true,"href":"https:\/\/www.adufpb.org.br\/site\/wp-json\/wp\/v2\/comments?post=18718"}],"version-history":[{"count":2,"href":"https:\/\/www.adufpb.org.br\/site\/wp-json\/wp\/v2\/posts\/18718\/revisions"}],"predecessor-version":[{"id":18720,"href":"https:\/\/www.adufpb.org.br\/site\/wp-json\/wp\/v2\/posts\/18718\/revisions\/18720"}],"wp:attachment":[{"href":"https:\/\/www.adufpb.org.br\/site\/wp-json\/wp\/v2\/media?parent=18718"}],"wp:term":[{"taxonomy":"category","embeddable":true,"href":"https:\/\/www.adufpb.org.br\/site\/wp-json\/wp\/v2\/categories?post=18718"},{"taxonomy":"post_tag","embeddable":true,"href":"https:\/\/www.adufpb.org.br\/site\/wp-json\/wp\/v2\/tags?post=18718"}],"curies":[{"name":"wp","href":"https:\/\/api.w.org\/{rel}","templated":true}]}}