{"id":18714,"date":"2018-07-18T12:49:43","date_gmt":"2018-07-18T15:49:43","guid":{"rendered":"http:\/\/www.adufpb.org.br\/site\/?p=18714"},"modified":"2018-07-24T11:16:53","modified_gmt":"2018-07-24T14:16:53","slug":"adufpb-realiza-assembleia-docente-nos-dias-31-de-julho-e-1o-de-agosto","status":"publish","type":"post","link":"https:\/\/www.adufpb.org.br\/site\/adufpb-realiza-assembleia-docente-nos-dias-31-de-julho-e-1o-de-agosto\/","title":{"rendered":"ADUFPB realiza assembleia docente nos dias 31 de julho e 1\u00ba de agosto"},"content":{"rendered":"<p dir=\"ltr\">Os professores da UFPB re\u00fanem-se em assembleia geral nos dias 31 de julho e 1\u00ba de agosto. Em pauta: informes, an\u00e1lise de conjuntura, repasses do Conad, paralisa\u00e7\u00e3o do dia 10 de agosto (Dia Nacional do Basta), encaminhamentos.<\/p>\n<p dir=\"ltr\">No dia 31, a assembleia ser\u00e1 realizada no campus IV &#8211; Litoral Norte. A reuni\u00e3o come\u00e7ar\u00e1 \u00e0s 16h e ocorrer\u00e1 na subsecretaria da ADUFPB, em Mamanguape. J\u00e1 no dia 1\u00ba de agosto, os debates ser\u00e3o realizados no campus de Jo\u00e3o Pessoa (\u00e0s 9h, no Centro de Viv\u00eancia) e reunir\u00e1 tamb\u00e9m os docentes de Areia e Bananeiras.<\/p>\n<p><span style=\"text-decoration: underline;\"><strong>AGENDE-SE<\/strong><\/span><\/p>\n<p dir=\"ltr\"><span style=\"text-decoration: underline;\"><strong>Assembleia Geral<\/strong><\/span><\/p>\n<p><strong>Pauta:<\/strong><br \/>\n&#8211; Informes<br \/>\n&#8211; An\u00e1lise de conjuntura<br \/>\n&#8211; Repasses do Conad<br \/>\n&#8211; Paralisa\u00e7\u00e3o do dia 10 de agosto (Dia Nacional do Basta)<br \/>\n&#8211; Encaminhamentos<\/p>\n<p><strong>31\/7 &#8211; ter\u00e7a-feira<\/strong><br \/>\nLitoral Norte (subsecretaria da ADUFPB em Mamanguape)<br \/>\nHor\u00e1rio: 16h<\/p>\n<p><strong>1\/8 &#8211; quarta-feira<\/strong><br \/>\nJo\u00e3o Pessoa (Centro de Viv\u00eancia)<br \/>\nHor\u00e1rio: 9h<\/p>\n<p><strong><em>(Docentes de Areia e Bananeiras participar\u00e3o da assembleia em Jo\u00e3o Pessoa)<\/em><\/strong><\/p>\n<p><em>Fonte: Ascom ADUFPB<\/em><\/p>\n","protected":false},"excerpt":{"rendered":"<p>Os professores da UFPB re\u00fanem-se em assembleia geral nos dias 31 de julho e 1\u00ba de agosto. Em pauta: informes, an\u00e1lise de conjuntura, repasses do Conad, paralisa\u00e7\u00e3o do dia 10 de agosto (Dia Nacional do Basta), encaminhamentos. No dia 31, a assembleia ser\u00e1 realizada no campus IV &#8211; Litoral Norte. A reuni\u00e3o come\u00e7ar\u00e1 \u00e0s 16h&hellip;<\/p>\n","protected":false},"author":3,"featured_media":0,"comment_status":"closed","ping_status":"closed","sticky":false,"template":"","format":"standard","meta":{"footnotes":""},"categories":[15],"tags":[816,164],"class_list":["post-18714","post","type-post","status-publish","format-standard","hentry","category-noticias","tag-assembleia","tag-conad","category-15","description-off"],"_links":{"self":[{"href":"https:\/\/www.adufpb.org.br\/site\/wp-json\/wp\/v2\/posts\/18714","targetHints":{"allow":["GET"]}}],"collection":[{"href":"https:\/\/www.adufpb.org.br\/site\/wp-json\/wp\/v2\/posts"}],"about":[{"href":"https:\/\/www.adufpb.org.br\/site\/wp-json\/wp\/v2\/types\/post"}],"author":[{"embeddable":true,"href":"https:\/\/www.adufpb.org.br\/site\/wp-json\/wp\/v2\/users\/3"}],"replies":[{"embeddable":true,"href":"https:\/\/www.adufpb.org.br\/site\/wp-json\/wp\/v2\/comments?post=18714"}],"version-history":[{"count":1,"href":"https:\/\/www.adufpb.org.br\/site\/wp-json\/wp\/v2\/posts\/18714\/revisions"}],"predecessor-version":[{"id":18715,"href":"https:\/\/www.adufpb.org.br\/site\/wp-json\/wp\/v2\/posts\/18714\/revisions\/18715"}],"wp:attachment":[{"href":"https:\/\/www.adufpb.org.br\/site\/wp-json\/wp\/v2\/media?parent=18714"}],"wp:term":[{"taxonomy":"category","embeddable":true,"href":"https:\/\/www.adufpb.org.br\/site\/wp-json\/wp\/v2\/categories?post=18714"},{"taxonomy":"post_tag","embeddable":true,"href":"https:\/\/www.adufpb.org.br\/site\/wp-json\/wp\/v2\/tags?post=18714"}],"curies":[{"name":"wp","href":"https:\/\/api.w.org\/{rel}","templated":true}]}}