{"id":18712,"date":"2018-07-18T12:31:53","date_gmt":"2018-07-18T15:31:53","guid":{"rendered":"http:\/\/www.adufpb.org.br\/site\/?p=18712"},"modified":"2018-07-18T12:31:53","modified_gmt":"2018-07-18T15:31:53","slug":"professores-tem-prioridade-para-receber-restituicao-do-imposto-de-renda-2018","status":"publish","type":"post","link":"https:\/\/www.adufpb.org.br\/site\/professores-tem-prioridade-para-receber-restituicao-do-imposto-de-renda-2018\/","title":{"rendered":"Professores t\u00eam prioridade para receber restitui\u00e7\u00e3o do Imposto de Renda 2018"},"content":{"rendered":"<p>O segundo lote de restitui\u00e7\u00e3o do Imposto de Renda 2018 (ano-base 2017) foi liberado na \u00faltima segunda-feira (16\/7). A novidade do processo de restitui\u00e7\u00e3o este ano \u00e9 que os professores ter\u00e3o prioridade no recebimento. O primeiro lote (liberado em 15 de junho) incluiu os idosos acima de 65 anos e as pessoas com defici\u00eancia.<\/p>\n<p>Segundo a lei sancionada em 26 de outubro do ano passado, os profissionais de ensino (contribuintes cuja maior fonte de renda seja o magist\u00e9rio) v\u00e3o receber a restitui\u00e7\u00e3o do IR prioritariamente, logo ap\u00f3s o pagamento dos idosos. Portanto, \u00e9 poss\u00edvel que sejam contemplados j\u00e1 a partir do segundo lote, desde que a declara\u00e7\u00e3o apresentada n\u00e3o tenha erros ou inconsist\u00eancias de dados.<\/p>\n<div id=\"pub-in-text\" data-google-query-id=\"CObS7Pr3qNwCFVUINwodknAABw\">\n<div>\n<p>Segue o calend\u00e1rio de restitui\u00e7\u00f5es do IR 2018:<\/p>\n<p>1\u00ba lote &#8211; 15\/06\/2018<\/p>\n<p>2\u00ba lote &#8211; 16\/07\/2018<\/p>\n<p>3\u00ba lote &#8211; 15\/08\/2018<\/p>\n<p>4\u00ba lote &#8211; 17\/09\/2018<\/p>\n<p>5\u00ba lote &#8211; 15\/10\/2018<\/p>\n<p>6\u00ba lote &#8211; 16\/11\/2018<\/p>\n<p>7\u00ba lote &#8211; 17\/12\/2018<\/p>\n<div id=\"pub-inread\"><em>Fonte: <a href=\"https:\/\/extra.globo.com\/noticias\/economia\/imposto-de-renda\/imposto-de-renda-2018-confira-os-lotes-de-restituicao-professores-terao-prioridade-rv1-1-22449380.html\" target=\"_blank\">Jornal Extra<\/a><\/em><\/div>\n<\/div>\n<\/div>\n","protected":false},"excerpt":{"rendered":"<p>O segundo lote de restitui\u00e7\u00e3o do Imposto de Renda 2018 (ano-base 2017) foi liberado na \u00faltima segunda-feira (16\/7). A novidade do processo de restitui\u00e7\u00e3o este ano \u00e9 que os professores ter\u00e3o prioridade no recebimento. O primeiro lote (liberado em 15 de junho) incluiu os idosos acima de 65 anos e as pessoas com defici\u00eancia. Segundo&hellip;<\/p>\n","protected":false},"author":3,"featured_media":0,"comment_status":"closed","ping_status":"closed","sticky":false,"template":"","format":"standard","meta":{"footnotes":""},"categories":[15],"tags":[1133,1132],"class_list":["post-18712","post","type-post","status-publish","format-standard","hentry","category-noticias","tag-imposto-de-renda","tag-restituicao","category-15","description-off"],"_links":{"self":[{"href":"https:\/\/www.adufpb.org.br\/site\/wp-json\/wp\/v2\/posts\/18712","targetHints":{"allow":["GET"]}}],"collection":[{"href":"https:\/\/www.adufpb.org.br\/site\/wp-json\/wp\/v2\/posts"}],"about":[{"href":"https:\/\/www.adufpb.org.br\/site\/wp-json\/wp\/v2\/types\/post"}],"author":[{"embeddable":true,"href":"https:\/\/www.adufpb.org.br\/site\/wp-json\/wp\/v2\/users\/3"}],"replies":[{"embeddable":true,"href":"https:\/\/www.adufpb.org.br\/site\/wp-json\/wp\/v2\/comments?post=18712"}],"version-history":[{"count":1,"href":"https:\/\/www.adufpb.org.br\/site\/wp-json\/wp\/v2\/posts\/18712\/revisions"}],"predecessor-version":[{"id":18713,"href":"https:\/\/www.adufpb.org.br\/site\/wp-json\/wp\/v2\/posts\/18712\/revisions\/18713"}],"wp:attachment":[{"href":"https:\/\/www.adufpb.org.br\/site\/wp-json\/wp\/v2\/media?parent=18712"}],"wp:term":[{"taxonomy":"category","embeddable":true,"href":"https:\/\/www.adufpb.org.br\/site\/wp-json\/wp\/v2\/categories?post=18712"},{"taxonomy":"post_tag","embeddable":true,"href":"https:\/\/www.adufpb.org.br\/site\/wp-json\/wp\/v2\/tags?post=18712"}],"curies":[{"name":"wp","href":"https:\/\/api.w.org\/{rel}","templated":true}]}}