{"id":18641,"date":"2018-07-10T16:45:52","date_gmt":"2018-07-10T19:45:52","guid":{"rendered":"http:\/\/www.adufpb.org.br\/site\/?p=18641"},"modified":"2018-07-10T16:45:52","modified_gmt":"2018-07-10T19:45:52","slug":"nota-de-pesar-88","status":"publish","type":"post","link":"https:\/\/www.adufpb.org.br\/site\/nota-de-pesar-88\/","title":{"rendered":"NOTA DE PESAR"},"content":{"rendered":"<p>Os que fazem a ADUFPB\/SSind v\u00eam a p\u00fablico manifestar o seu profundo pesar pelo falecimento de EDVAL DE SOUZA MACIEL, professor aposentado do Departamento de Biologia Molecular, do Centro de Ci\u00eancias Exatas e da Natureza, da Universidade Federal da Para\u00edba e sindicalizado da ADUFPB.<\/p>\n<p>O corpo do professor Edval est\u00e1 sendo velado no Parque das Ac\u00e1cias e o enterro ser\u00e1 amanh\u00e3, no mesmo local.<\/p>\n<p>Aos amigos e membros da fam\u00edlia, nossos sentimentos.<\/p>\n<p>Jo\u00e3o Pessoa, 10 de julho de 2018.<br \/>\nDiretoria da ADUFPB<\/p>\n","protected":false},"excerpt":{"rendered":"<p>Os que fazem a ADUFPB\/SSind v\u00eam a p\u00fablico manifestar o seu profundo pesar pelo falecimento de EDVAL DE SOUZA MACIEL, professor aposentado do Departamento de Biologia Molecular, do Centro de Ci\u00eancias Exatas e da Natureza, da Universidade Federal da Para\u00edba e sindicalizado da ADUFPB. O corpo do professor Edval est\u00e1 sendo velado no Parque das&hellip;<\/p>\n","protected":false},"author":8,"featured_media":0,"comment_status":"closed","ping_status":"closed","sticky":false,"template":"","format":"standard","meta":{"footnotes":""},"categories":[15],"tags":[236],"class_list":["post-18641","post","type-post","status-publish","format-standard","hentry","category-noticias","tag-nota-de-pesar","category-15","description-off"],"_links":{"self":[{"href":"https:\/\/www.adufpb.org.br\/site\/wp-json\/wp\/v2\/posts\/18641","targetHints":{"allow":["GET"]}}],"collection":[{"href":"https:\/\/www.adufpb.org.br\/site\/wp-json\/wp\/v2\/posts"}],"about":[{"href":"https:\/\/www.adufpb.org.br\/site\/wp-json\/wp\/v2\/types\/post"}],"author":[{"embeddable":true,"href":"https:\/\/www.adufpb.org.br\/site\/wp-json\/wp\/v2\/users\/8"}],"replies":[{"embeddable":true,"href":"https:\/\/www.adufpb.org.br\/site\/wp-json\/wp\/v2\/comments?post=18641"}],"version-history":[{"count":1,"href":"https:\/\/www.adufpb.org.br\/site\/wp-json\/wp\/v2\/posts\/18641\/revisions"}],"predecessor-version":[{"id":18642,"href":"https:\/\/www.adufpb.org.br\/site\/wp-json\/wp\/v2\/posts\/18641\/revisions\/18642"}],"wp:attachment":[{"href":"https:\/\/www.adufpb.org.br\/site\/wp-json\/wp\/v2\/media?parent=18641"}],"wp:term":[{"taxonomy":"category","embeddable":true,"href":"https:\/\/www.adufpb.org.br\/site\/wp-json\/wp\/v2\/categories?post=18641"},{"taxonomy":"post_tag","embeddable":true,"href":"https:\/\/www.adufpb.org.br\/site\/wp-json\/wp\/v2\/tags?post=18641"}],"curies":[{"name":"wp","href":"https:\/\/api.w.org\/{rel}","templated":true}]}}