{"id":18617,"date":"2018-07-09T11:54:49","date_gmt":"2018-07-09T14:54:49","guid":{"rendered":"http:\/\/www.adufpb.org.br\/site\/?p=18617"},"modified":"2018-07-09T11:54:49","modified_gmt":"2018-07-09T14:54:49","slug":"adufpb-entrega-doacoes-de-alimentos-a-vila-vicentina","status":"publish","type":"post","link":"https:\/\/www.adufpb.org.br\/site\/adufpb-entrega-doacoes-de-alimentos-a-vila-vicentina\/","title":{"rendered":"ADUFPB entrega doa\u00e7\u00f5es de alimentos \u00e0 Vila Vicentina"},"content":{"rendered":"<p dir=\"ltr\"><a href=\"http:\/\/www.adufpb.org.br\/site\/wp-content\/uploads\/2018\/07\/vila-vicentina-2.jpg\"><img loading=\"lazy\" decoding=\"async\" class=\"alignleft size-medium wp-image-18618\" alt=\"vila vicentina 2\" src=\"http:\/\/www.adufpb.org.br\/site\/wp-content\/uploads\/2018\/07\/vila-vicentina-2-300x166.jpg\" width=\"300\" height=\"166\" srcset=\"https:\/\/www.adufpb.org.br\/site\/wp-content\/uploads\/2018\/07\/vila-vicentina-2-300x166.jpg 300w, https:\/\/www.adufpb.org.br\/site\/wp-content\/uploads\/2018\/07\/vila-vicentina-2-1024x569.jpg 1024w, https:\/\/www.adufpb.org.br\/site\/wp-content\/uploads\/2018\/07\/vila-vicentina-2.jpg 1524w\" sizes=\"auto, (max-width: 300px) 100vw, 300px\" \/><\/a>Uma equipe formada por representantes da Diretoria Executiva e dos funcion\u00e1rios da ADUFPB realizou na \u00faltima quarta-feira (5\/7) a entrega de 55 quilos de alimentos doados por professores sindicalizados \u00e0 casa de assist\u00eancia a idosos Vila Vicentina J\u00falia Freire. Os produtos foram recolhidos durante a Feijoada Solid\u00e1ria promovida pela sess\u00e3o sindical, dia 27 de junho, na sede sociocultural.<\/p>\n<p dir=\"ltr\">\u201cCom esta a\u00e7\u00e3o, estamos buscando cumprir um papel social que tamb\u00e9m nos cabe como entidade sindical e apoiar esta importante institui\u00e7\u00e3o, a Vila Vicentina, que h\u00e1 74 anos vem acolhendo e dando dignidade a idosos na cidade de Jo\u00e3o Pessoa\u201d, declarou o presidente da ADUFPB, Cristiano Bonneau.<\/p>\n<p dir=\"ltr\">Al\u00e9m dele, tamb\u00e9m integraram a equipe que realizou a entrega das doa\u00e7\u00f5es \u00e0 Vila Vicentina a secret\u00e1ria geral da ADUFPB, Francileide de Ara\u00fajo, e os funcion\u00e1rios Valdete Veloso, Ricardo Ara\u00fajo e Renata Ferreira. O grupo foi recepcionado pela gerente da institui\u00e7\u00e3o, Josilene Targino, visitou as instala\u00e7\u00f5es e p\u00f4de conhecer um pouco o trabalho desenvolvido.<\/p>\n<p dir=\"ltr\">Atualmente, 66 idosos com idade entre 60 e 108 anos moram na Vila Vicentina. Al\u00e9m de moradia, eles recebem alimenta\u00e7\u00e3o e atendimento m\u00e9dico, odontol\u00f3gico, fisioterapeutico e psicol\u00f3gico. Para isso, o abrigo conta com 31 funcion\u00e1rios, al\u00e9m do apoio de estagi\u00e1rios de universidades particulares e p\u00fablicas, entre elas a UFPB.<\/p>\n<p dir=\"ltr\">Uma das moradoras mais idosas da Vila \u00e9 Maria Dulce Mello da Costa, que completou 100 anos no dia 16 de maio. Ela conta que decidiu por conta pr\u00f3pria, h\u00e1 tr\u00eas anos, ir morar no local. \u201cAqui \u00e9 o para\u00edso das crian\u00e7as\u201d, declara, com muito bom humor. Dona Dulce, como \u00e9 chamada pelos funcion\u00e1rios da Vila, diz que fez muitos amigos no abrigo e elogia a estrutura do local. \u201cTenho de tudo aqui: comida, roupa lavada, o pessoal faz a limpeza todo dia. Mas \u00e0s vezes eu mesma fa\u00e7o, para poder fazer exerc\u00edcio, porque n\u00e3o pode ficar parada, n\u00e9?\u201d, complementa.<\/p>\n<p dir=\"ltr\">Fundada em 1944 com a constru\u00e7\u00e3o de 32 pequenas habita\u00e7\u00f5es em um terreno doado no bairro da Torre, a Vila Vicentina J\u00falia Freire \u00e9 uma institui\u00e7\u00e3o filantr\u00f3pica de entidade civil de direito privado, beneficente e de assist\u00eancia social, sem fins econ\u00f4micos, administrada pela Sociedade de S\u00e3o Vicente de Paulo (Vicentinos).<\/p>\n<p dir=\"ltr\">Como organiza\u00e7\u00e3o sem fins lucrativos, a Vila depende de doa\u00e7\u00f5es (alimentos, roupas, len\u00e7\u00f3is, produtos de higiene e limpeza) e de trabalho volunt\u00e1rio para funcionar adequadamente. Segundo a gerente da institui\u00e7\u00e3o, Josilene Targino, o volume de material doado reduziu nos \u00faltimos anos, mas a popula\u00e7\u00e3o continua sens\u00edvel \u00e0s necessidades do abrigo. \u201cQuem costuma ajudar a Vila continua doando, mesmo que em menor quantidade\u201d, explica.<\/p>\n<p dir=\"ltr\">Por esse motivo, o estoque de produtos como fraldas geri\u00e1tricas est\u00e1 abastecido. Entretanto, outros itens chegam em menor quantidade, como sabonete l\u00edquido (essencial para a higiene dos idosos acamados), \u00e1gua sanit\u00e1ria, desinfetante e sab\u00e3o em p\u00f3. Tamb\u00e9m existe car\u00eancia de produtos destinado ao cuidado pessoal dos idosos, como col\u00f4nias e hidratantes.<\/p>\n<p>Quem quiser doar esses ou outros produtos (fraldas, alimentos, roupas, len\u00e7\u00f3is etc.) podem ir pessoalmente \u00e0 Vila Vicentina J\u00falia Freire, localizada na rua Etelvina Macedo de Mendon\u00e7a, n\u00ba 327, bairro da Torre, em Jo\u00e3o Pessoa. Mais informa\u00e7\u00f5es podem ser obtidas pelo telefone 3224-6988.<\/p>\n\n\t\t\t<style type='text\/css'>\n\t\t\t\t#gallery-1 {\n\t\t\t\t\tmargin: auto;\n\t\t\t\t}\n\t\t\t\t#gallery-1 .gallery-item {\n\t\t\t\t\tfloat: left;\n\t\t\t\t\tmargin-top: 10px;\n\t\t\t\t\ttext-align: center;\n\t\t\t\t\twidth: 33%;\n\t\t\t\t}\n\t\t\t\t#gallery-1 img {\n\t\t\t\t\tborder: 2px solid #cfcfcf;\n\t\t\t\t}\n\t\t\t\t#gallery-1 .gallery-caption {\n\t\t\t\t\tmargin-left: 0;\n\t\t\t\t}\n\t\t\t\t\/* see gallery_shortcode() in wp-includes\/media.php *\/\n\t\t\t<\/style>\n\t\t<div id='gallery-1' class='dt-gallery-container gallery galleryid-18617 gallery-columns-3 gallery-size-thumbnail'><dl class='gallery-item'>\n\t\t\t\t<dt class='gallery-icon landscape'>\n\t\t\t\t\t<a class=\"rollover\" href='https:\/\/www.adufpb.org.br\/site\/dt_gallery\/entrega-de-doacoes-a-vila-vicentina\/2018-07-05-visita-a-vila-vicentina-1\/'><img loading=\"lazy\" decoding=\"async\" width=\"150\" height=\"150\" src=\"https:\/\/www.adufpb.org.br\/site\/wp-content\/uploads\/2018\/07\/2018.07.05-visita-\u00e0-Vila-Vicentina-1-150x150.jpeg\" class=\"attachment-thumbnail size-thumbnail\" alt=\"\" \/><\/a>\n\t\t\t\t<\/dt><\/dl><dl class='gallery-item'>\n\t\t\t\t<dt class='gallery-icon landscape'>\n\t\t\t\t\t<a class=\"rollover\" href='https:\/\/www.adufpb.org.br\/site\/dt_gallery\/entrega-de-doacoes-a-vila-vicentina\/2018-07-05-visita-a-vila-vicentina-27\/'><img loading=\"lazy\" decoding=\"async\" width=\"150\" height=\"150\" src=\"https:\/\/www.adufpb.org.br\/site\/wp-content\/uploads\/2018\/07\/2018.07.05-visita-\u00e0-Vila-Vicentina-27-150x150.jpeg\" class=\"attachment-thumbnail size-thumbnail\" alt=\"\" \/><\/a>\n\t\t\t\t<\/dt><\/dl><dl class='gallery-item'>\n\t\t\t\t<dt class='gallery-icon portrait'>\n\t\t\t\t\t<a class=\"rollover\" href='https:\/\/www.adufpb.org.br\/site\/dt_gallery\/entrega-de-doacoes-a-vila-vicentina\/2018-07-05-visita-a-vila-vicentina-23\/'><img loading=\"lazy\" decoding=\"async\" width=\"150\" height=\"150\" src=\"https:\/\/www.adufpb.org.br\/site\/wp-content\/uploads\/2018\/07\/2018.07.05-visita-\u00e0-Vila-Vicentina-23-150x150.jpeg\" class=\"attachment-thumbnail size-thumbnail\" alt=\"\" \/><\/a>\n\t\t\t\t<\/dt><\/dl><br style=\"clear: both\" \/><dl class='gallery-item'>\n\t\t\t\t<dt class='gallery-icon landscape'>\n\t\t\t\t\t<a class=\"rollover\" href='https:\/\/www.adufpb.org.br\/site\/dt_gallery\/entrega-de-doacoes-a-vila-vicentina\/2018-07-05-visita-a-vila-vicentina-17\/'><img loading=\"lazy\" decoding=\"async\" width=\"150\" height=\"150\" src=\"https:\/\/www.adufpb.org.br\/site\/wp-content\/uploads\/2018\/07\/2018.07.05-visita-\u00e0-Vila-Vicentina-17-150x150.jpeg\" class=\"attachment-thumbnail size-thumbnail\" alt=\"\" \/><\/a>\n\t\t\t\t<\/dt><\/dl><dl class='gallery-item'>\n\t\t\t\t<dt class='gallery-icon landscape'>\n\t\t\t\t\t<a class=\"rollover\" href='https:\/\/www.adufpb.org.br\/site\/dt_gallery\/entrega-de-doacoes-a-vila-vicentina\/2018-07-05-visita-a-vila-vicentina-14\/'><img loading=\"lazy\" decoding=\"async\" width=\"150\" height=\"150\" src=\"https:\/\/www.adufpb.org.br\/site\/wp-content\/uploads\/2018\/07\/2018.07.05-visita-\u00e0-Vila-Vicentina-14-150x150.jpeg\" class=\"attachment-thumbnail size-thumbnail\" alt=\"\" \/><\/a>\n\t\t\t\t<\/dt><\/dl><dl class='gallery-item'>\n\t\t\t\t<dt class='gallery-icon landscape'>\n\t\t\t\t\t<a class=\"rollover\" href='https:\/\/www.adufpb.org.br\/site\/dt_gallery\/entrega-de-doacoes-a-vila-vicentina\/2018-07-05-visita-a-vila-vicentina-13\/'><img loading=\"lazy\" decoding=\"async\" width=\"150\" height=\"150\" src=\"https:\/\/www.adufpb.org.br\/site\/wp-content\/uploads\/2018\/07\/2018.07.05-visita-\u00e0-Vila-Vicentina-13-150x150.jpeg\" class=\"attachment-thumbnail size-thumbnail\" alt=\"\" \/><\/a>\n\t\t\t\t<\/dt><\/dl><br style=\"clear: both\" \/><dl class='gallery-item'>\n\t\t\t\t<dt class='gallery-icon landscape'>\n\t\t\t\t\t<a class=\"rollover\" href='https:\/\/www.adufpb.org.br\/site\/dt_gallery\/entrega-de-doacoes-a-vila-vicentina\/2018-07-05-visita-a-vila-vicentina-10\/'><img loading=\"lazy\" decoding=\"async\" width=\"150\" height=\"150\" src=\"https:\/\/www.adufpb.org.br\/site\/wp-content\/uploads\/2018\/07\/2018.07.05-visita-\u00e0-Vila-Vicentina-10-150x150.jpeg\" class=\"attachment-thumbnail size-thumbnail\" alt=\"\" \/><\/a>\n\t\t\t\t<\/dt><\/dl><dl class='gallery-item'>\n\t\t\t\t<dt class='gallery-icon landscape'>\n\t\t\t\t\t<a class=\"rollover\" href='https:\/\/www.adufpb.org.br\/site\/dt_gallery\/entrega-de-doacoes-a-vila-vicentina\/2018-07-05-visita-a-vila-vicentina-8\/'><img loading=\"lazy\" decoding=\"async\" width=\"150\" height=\"150\" src=\"https:\/\/www.adufpb.org.br\/site\/wp-content\/uploads\/2018\/07\/2018.07.05-visita-\u00e0-Vila-Vicentina-8-150x150.jpeg\" class=\"attachment-thumbnail size-thumbnail\" alt=\"\" \/><\/a>\n\t\t\t\t<\/dt><\/dl><dl class='gallery-item'>\n\t\t\t\t<dt class='gallery-icon portrait'>\n\t\t\t\t\t<a class=\"rollover\" href='https:\/\/www.adufpb.org.br\/site\/dt_gallery\/entrega-de-doacoes-a-vila-vicentina\/2018-07-05-visita-a-vila-vicentina-5\/'><img loading=\"lazy\" decoding=\"async\" width=\"150\" height=\"150\" src=\"https:\/\/www.adufpb.org.br\/site\/wp-content\/uploads\/2018\/07\/2018.07.05-visita-\u00e0-Vila-Vicentina-5-150x150.jpeg\" class=\"attachment-thumbnail size-thumbnail\" alt=\"\" \/><\/a>\n\t\t\t\t<\/dt><\/dl><br style=\"clear: both\" \/>\n\t\t\t<\/div>\n\n<p><em>Fonte: Ascom ADUFPB<\/em><\/p>\n","protected":false},"excerpt":{"rendered":"<p>Uma equipe formada por representantes da Diretoria Executiva e dos funcion\u00e1rios da ADUFPB realizou na \u00faltima quarta-feira (5\/7) a entrega de 55 quilos de alimentos doados por professores sindicalizados \u00e0 casa de assist\u00eancia a idosos Vila Vicentina J\u00falia Freire. Os produtos foram recolhidos durante a Feijoada Solid\u00e1ria promovida pela sess\u00e3o sindical, dia 27 de junho,&hellip;<\/p>\n","protected":false},"author":3,"featured_media":0,"comment_status":"closed","ping_status":"closed","sticky":false,"template":"","format":"standard","meta":{"footnotes":""},"categories":[15],"tags":[],"class_list":["post-18617","post","type-post","status-publish","format-standard","hentry","category-noticias","category-15","description-off"],"_links":{"self":[{"href":"https:\/\/www.adufpb.org.br\/site\/wp-json\/wp\/v2\/posts\/18617","targetHints":{"allow":["GET"]}}],"collection":[{"href":"https:\/\/www.adufpb.org.br\/site\/wp-json\/wp\/v2\/posts"}],"about":[{"href":"https:\/\/www.adufpb.org.br\/site\/wp-json\/wp\/v2\/types\/post"}],"author":[{"embeddable":true,"href":"https:\/\/www.adufpb.org.br\/site\/wp-json\/wp\/v2\/users\/3"}],"replies":[{"embeddable":true,"href":"https:\/\/www.adufpb.org.br\/site\/wp-json\/wp\/v2\/comments?post=18617"}],"version-history":[{"count":2,"href":"https:\/\/www.adufpb.org.br\/site\/wp-json\/wp\/v2\/posts\/18617\/revisions"}],"predecessor-version":[{"id":18620,"href":"https:\/\/www.adufpb.org.br\/site\/wp-json\/wp\/v2\/posts\/18617\/revisions\/18620"}],"wp:attachment":[{"href":"https:\/\/www.adufpb.org.br\/site\/wp-json\/wp\/v2\/media?parent=18617"}],"wp:term":[{"taxonomy":"category","embeddable":true,"href":"https:\/\/www.adufpb.org.br\/site\/wp-json\/wp\/v2\/categories?post=18617"},{"taxonomy":"post_tag","embeddable":true,"href":"https:\/\/www.adufpb.org.br\/site\/wp-json\/wp\/v2\/tags?post=18617"}],"curies":[{"name":"wp","href":"https:\/\/api.w.org\/{rel}","templated":true}]}}