{"id":18542,"date":"2018-07-03T11:44:46","date_gmt":"2018-07-03T14:44:46","guid":{"rendered":"http:\/\/www.adufpb.org.br\/site\/?p=18542"},"modified":"2018-07-04T12:20:00","modified_gmt":"2018-07-04T15:20:00","slug":"com-leitura-da-carta-de-fortaleza-termina-o-63o-conad","status":"publish","type":"post","link":"https:\/\/www.adufpb.org.br\/site\/com-leitura-da-carta-de-fortaleza-termina-o-63o-conad\/","title":{"rendered":"Com leitura da Carta de Fortaleza, termina o 63\u00ba Conad"},"content":{"rendered":"<p>Ap\u00f3s dias de intensos debates, terminou na noite do domingo (1), com a leitura da\u00a0Carta de Fortaleza, a sexag\u00e9sima terceira edi\u00e7\u00e3o do Conad, realizado na Universidade Estadual do Cear\u00e1 (Uece), desde quinta-feira (28).<\/p>\n<p>Houve leitura das mo\u00e7\u00f5es, na qual os participantes do Conad expressaram apoio aos trabalhadores demitidos da Amsted Maxion, aos professores perseguidos na Universidade Federal da de Santa Catarina (Ufsc), \u00e0 greve dos trabalhadores t\u00e9cnico-administrativos em educa\u00e7\u00e3o da Universidade Estadual de Campinas (Unicamp), \u00e0 luta pela manuten\u00e7\u00e3o da Pol\u00edtica Nacional de Educa\u00e7\u00e3o Especial e apoio tamb\u00e9m \u00e0 federaliza\u00e7\u00e3o do Hospital S\u00e3o Paulo, da Universidade Federal de SP (Unifesp).<\/p>\n<p>Manifestaram, ainda, solidariedade aos trabalhadores venezuelanos, e rep\u00fadio \u00e0s a\u00e7\u00f5es de repress\u00e3o \u00e0 manifesta\u00e7\u00e3o dos professores do Piau\u00ed, em 21 de junho; \u00e0 contrata\u00e7\u00e3o de PMs aposentados, fardados e armados, feita pela Universidade Federal do Esp\u00edrito Santo (Ufes); ao governo cearense Camilo Santana (PT), que se nega a receber as se\u00e7\u00f5es sindicais do ANDES-SN Sinduece, Sindurca e Sindiuva, e tamb\u00e9m a pol\u00edtica de seguran\u00e7a p\u00fablica no estado, que criminaliza e assassina a popula\u00e7\u00e3o da periferia do Cear\u00e1.<\/p>\n<p>Tamb\u00e9m repudiaram a limita\u00e7\u00e3o, pela reitoria\u00a0da Universidade Federal de Lavras (Ufla), do uso dos espa\u00e7os da institui\u00e7\u00e3o, a postura repressora na Universidade Federal do Amap\u00e1 (Unifap), frente ao silenciamento da destrui\u00e7\u00e3o de obra art\u00edstica constru\u00edda por um sindicalizado e a pris\u00e3o arbitr\u00e1ria de Stella Avallone, detida neste domingo (1) durante um ato contra o genoc\u00eddio de jovens e crian\u00e7as negras na capital paulista.<\/p>\n<p>A mesa convidou o estudante Iuri, morador de Serrinha, para uma fala sobre a viol\u00eancia contra a popula\u00e7\u00e3o pobre e jovem na capital cearense e denunciar a chacina ocorrida em Fortaleza, em 2015, que vitimou 11 pessoas.<\/p>\n<p>S\u00e2mbara Paula, presidente da Sinduece Ssind., que recebeu o 63\u00b0 Conad, agradeceu a todos e todas que contribu\u00edram para a realiza\u00e7\u00e3o do evento. Ela disse se sentir mais humana ap\u00f3s a troca de experi\u00eancias na constru\u00e7\u00e3o coletiva do Conad e tamb\u00e9m com os debates ocorridos durante o evento. \u201cAinda que muitas dificuldades possam ter ocorrido nesse Conad, acreditamos que demos o melhor de n\u00f3s, e aprendemos nessa rela\u00e7\u00e3o com o ANDES-SN e a ser mais parte do ANDES-SN enquanto se\u00e7\u00e3o sindical\u201d, disse.<\/p>\n<p>C\u00e9lio Coutinho, 2\u00ba vice-presidente da Regional Nordeste 1 do Sindicato Nacional, tamb\u00e9m destacou a import\u00e2ncia de realiza\u00e7\u00e3o do Conad na Uece, na valoriza\u00e7\u00e3o da universidade estadual.<\/p>\n<p><strong>Carta de Fortaleza<\/strong><\/p>\n<p>Eblin Farage, secret\u00e1ria-geral do ANDES-SN, fez a leitura da Carta de Fortaleza. Antes, ela registrou que a Comiss\u00e3o de Ass\u00e9dio do 63\u00ba Conad n\u00e3o recebeu nenhuma den\u00fancia de ass\u00e9dio.Na carta, a secret\u00e1ria-geral destacou os v\u00e1rios momentos emocionantes que marcaram a abertura de um dos maiores Conads j\u00e1 realizados pelo ANDES-SN, como as homenagens \u00e0 funcion\u00e1ria do sindicato\u00a0<a href=\"http:\/\/www.andes.org.br\/andes\/print-ultimas-noticias.andes?id=9547\" target=\"_blank\">F\u00e1tima Alves da Silva<\/a>\u00a0e \u00e0 Marielle Franco, vereadora assassinada no Rio de Janeiro.<\/p>\n<p>Eblin pontuou na Carta v\u00e1rias delibera\u00e7\u00f5es, entre elas, a luta pelos direitos sexuais e reprodutivos das mulheres, a agenda de lutas dos setores das Ifes, Iees e Imes, que conta com um Dia Nacional de Luta contra o ass\u00e9dio moral e sexual nas Universidades e um Dia Nacional de Luta contra o Racismo, em novembro. Ela encerrou a Carta de Fortaleza com os dizeres do poeta cearense Patativa de Assar\u00e9 \u201ceu sou de uma terra que o povo padece, mas n\u00e3o esmorece e procura vencer\u201d e finalizou conclamando \u201cMarielle, Presente!\u201d<\/p>\n<p>Antonio Gon\u00e7alves, presidente do Sindicato Nacional empossado na abertura do 63\u00ba Conad, agradeceu aos trabalhadores e trabalhadoras que participaram da organiza\u00e7\u00e3o do evento e \u00e0 nova diretoria, que assumiu com a tarefa de \u201cn\u00e3o permitir a descontinuidade nesse processo hist\u00f3rico de constru\u00e7\u00e3o de um espa\u00e7o onde a base pode se expressar livremente\u201d.<\/p>\n<p>Antonio finalizou o 63\u00ba Conad destacando que a categoria e a dire\u00e7\u00e3o do Sindicato Nacional t\u00eam muitas tarefas a cumprir e espera encontrar todas e todos nas lutas e espa\u00e7os de debate que acontecer\u00e3o no pr\u00f3ximo per\u00edodo. \u201cEsses encontros nos fortalecem e, diante da dureza da vida, \u00e9 fundamental termos esse \u00e2nimo para nos fortalecer no enfrentamento\u201d, disse.<\/p>\n<p><em>Fonte:\u00a0ANDES-SN<\/em><\/p>\n","protected":false},"excerpt":{"rendered":"<p>Ap\u00f3s dias de intensos debates, terminou na noite do domingo (1), com a leitura da\u00a0Carta de Fortaleza, a sexag\u00e9sima terceira edi\u00e7\u00e3o do Conad, realizado na Universidade Estadual do Cear\u00e1 (Uece), desde quinta-feira (28). Houve leitura das mo\u00e7\u00f5es, na qual os participantes do Conad expressaram apoio aos trabalhadores demitidos da Amsted Maxion, aos professores perseguidos na&hellip;<\/p>\n","protected":false},"author":3,"featured_media":18543,"comment_status":"closed","ping_status":"closed","sticky":false,"template":"","format":"standard","meta":{"footnotes":""},"categories":[15,417],"tags":[1115,1130,164],"class_list":["post-18542","post","type-post","status-publish","format-standard","has-post-thumbnail","hentry","category-noticias","category-noticias-destaque","tag-63o-conad","tag-carta-de-fortaleza","tag-conad","category-15","category-417","description-off"],"_links":{"self":[{"href":"https:\/\/www.adufpb.org.br\/site\/wp-json\/wp\/v2\/posts\/18542","targetHints":{"allow":["GET"]}}],"collection":[{"href":"https:\/\/www.adufpb.org.br\/site\/wp-json\/wp\/v2\/posts"}],"about":[{"href":"https:\/\/www.adufpb.org.br\/site\/wp-json\/wp\/v2\/types\/post"}],"author":[{"embeddable":true,"href":"https:\/\/www.adufpb.org.br\/site\/wp-json\/wp\/v2\/users\/3"}],"replies":[{"embeddable":true,"href":"https:\/\/www.adufpb.org.br\/site\/wp-json\/wp\/v2\/comments?post=18542"}],"version-history":[{"count":2,"href":"https:\/\/www.adufpb.org.br\/site\/wp-json\/wp\/v2\/posts\/18542\/revisions"}],"predecessor-version":[{"id":18545,"href":"https:\/\/www.adufpb.org.br\/site\/wp-json\/wp\/v2\/posts\/18542\/revisions\/18545"}],"wp:featuredmedia":[{"embeddable":true,"href":"https:\/\/www.adufpb.org.br\/site\/wp-json\/wp\/v2\/media\/18543"}],"wp:attachment":[{"href":"https:\/\/www.adufpb.org.br\/site\/wp-json\/wp\/v2\/media?parent=18542"}],"wp:term":[{"taxonomy":"category","embeddable":true,"href":"https:\/\/www.adufpb.org.br\/site\/wp-json\/wp\/v2\/categories?post=18542"},{"taxonomy":"post_tag","embeddable":true,"href":"https:\/\/www.adufpb.org.br\/site\/wp-json\/wp\/v2\/tags?post=18542"}],"curies":[{"name":"wp","href":"https:\/\/api.w.org\/{rel}","templated":true}]}}