{"id":18431,"date":"2018-06-11T15:31:48","date_gmt":"2018-06-11T18:31:48","guid":{"rendered":"http:\/\/www.adufpb.org.br\/site\/?p=18431"},"modified":"2018-06-11T15:31:48","modified_gmt":"2018-06-11T18:31:48","slug":"nova-diretoria-do-sintespb-e-empossada","status":"publish","type":"post","link":"https:\/\/www.adufpb.org.br\/site\/nova-diretoria-do-sintespb-e-empossada\/","title":{"rendered":"Nova diretoria do Sintespb \u00e9 empossada"},"content":{"rendered":"<p><a href=\"http:\/\/www.adufpb.org.br\/site\/wp-content\/uploads\/2018\/06\/2018.06.11-posse-diretoria-sintespb.jpeg\"><img loading=\"lazy\" decoding=\"async\" class=\"alignleft size-medium wp-image-18435\" alt=\"2018.06.11 - posse diretoria sintespb\" src=\"http:\/\/www.adufpb.org.br\/site\/wp-content\/uploads\/2018\/06\/2018.06.11-posse-diretoria-sintespb-300x168.jpeg\" width=\"300\" height=\"168\" srcset=\"https:\/\/www.adufpb.org.br\/site\/wp-content\/uploads\/2018\/06\/2018.06.11-posse-diretoria-sintespb-300x168.jpeg 300w, https:\/\/www.adufpb.org.br\/site\/wp-content\/uploads\/2018\/06\/2018.06.11-posse-diretoria-sintespb-1024x576.jpeg 1024w, https:\/\/www.adufpb.org.br\/site\/wp-content\/uploads\/2018\/06\/2018.06.11-posse-diretoria-sintespb.jpeg 1280w\" sizes=\"auto, (max-width: 300px) 100vw, 300px\" \/><\/a>Tomou posse, na manh\u00e3 desta segunda-feira (11), a nova Diretoria do Sindicato dos Servidores dosTrabalhadores em Ensino Superior do Estado da Para\u00edba (Sintespb), que representa os servidores t\u00e9cnico-administrativos da UFPB, da UFCG e da UEPB. A cerim\u00f4nia foi realizada na sede administrativa da entidade, no campus I da UFPB, e foi prestigida pelo presidente da ADUFPB, Cristiano Bonneau.<\/p>\n<p>A nova Diretoria do Sintespb, gest\u00e3o 2018-2021, \u00e9 formada pelos\u00a0componentes da Chapa 3 \u2013 Por um Sintespb Diferente, que derrotou a segunda colocada, a Chapa 1 \u2013 Unidade na Luta (chapa de situa\u00e7\u00e3o) por 76 votos de diferen\u00e7a nas elei\u00e7\u00f5es realizadas no \u00faltimo dia 5 de junho. A vit\u00f3ria da Chapa 3 quebrou uma hegemonia de pelo menos tr\u00eas mandatos consecutivos da alian\u00e7a sindical Unidade na Luta. Al\u00e9m de permitir uma renova\u00e7\u00e3o de lideran\u00e7as no sindicato, a nova gest\u00e3o \u00e9 marcada pelo protagonismo feminino: mais da metade dos componentes s\u00e3o mulheres, que ocupam os principais cargos, como presidente (Geralda Victor), vice-presidente (Mirella Rocha) e secret\u00e1ria de finan\u00e7as (Raquel Soares).<a href=\"http:\/\/www.adufpb.org.br\/site\/wp-content\/uploads\/2018\/06\/2018.06.11-posse-diretoria-sintespb-2.jpeg\"><img loading=\"lazy\" decoding=\"async\" class=\"alignright size-medium wp-image-18436\" alt=\"2018.06.11 - posse diretoria sintespb 2\" src=\"http:\/\/www.adufpb.org.br\/site\/wp-content\/uploads\/2018\/06\/2018.06.11-posse-diretoria-sintespb-2-300x168.jpeg\" width=\"300\" height=\"168\" srcset=\"https:\/\/www.adufpb.org.br\/site\/wp-content\/uploads\/2018\/06\/2018.06.11-posse-diretoria-sintespb-2-300x168.jpeg 300w, https:\/\/www.adufpb.org.br\/site\/wp-content\/uploads\/2018\/06\/2018.06.11-posse-diretoria-sintespb-2-1024x576.jpeg 1024w, https:\/\/www.adufpb.org.br\/site\/wp-content\/uploads\/2018\/06\/2018.06.11-posse-diretoria-sintespb-2.jpeg 1280w\" sizes=\"auto, (max-width: 300px) 100vw, 300px\" \/><\/a><\/p>\n<p>A ADUFPB, por meio da sua Diretoria Executiva, parabeniza a nova gest\u00e3o do Sintespb e deseja boa sorte no desempenho de seu importante papel como representante da categoria dos servidores t\u00e9cnico-administrativos.<\/p>\n<p>&nbsp;<\/p>\n<p>&nbsp;<\/p>\n<p>&nbsp;<\/p>\n","protected":false},"excerpt":{"rendered":"<p>Tomou posse, na manh\u00e3 desta segunda-feira (11), a nova Diretoria do Sindicato dos Servidores dosTrabalhadores em Ensino Superior do Estado da Para\u00edba (Sintespb), que representa os servidores t\u00e9cnico-administrativos da UFPB, da UFCG e da UEPB. A cerim\u00f4nia foi realizada na sede administrativa da entidade, no campus I da UFPB, e foi prestigida pelo presidente da&hellip;<\/p>\n","protected":false},"author":3,"featured_media":0,"comment_status":"closed","ping_status":"closed","sticky":false,"template":"","format":"standard","meta":{"footnotes":""},"categories":[15],"tags":[],"class_list":["post-18431","post","type-post","status-publish","format-standard","hentry","category-noticias","category-15","description-off"],"_links":{"self":[{"href":"https:\/\/www.adufpb.org.br\/site\/wp-json\/wp\/v2\/posts\/18431","targetHints":{"allow":["GET"]}}],"collection":[{"href":"https:\/\/www.adufpb.org.br\/site\/wp-json\/wp\/v2\/posts"}],"about":[{"href":"https:\/\/www.adufpb.org.br\/site\/wp-json\/wp\/v2\/types\/post"}],"author":[{"embeddable":true,"href":"https:\/\/www.adufpb.org.br\/site\/wp-json\/wp\/v2\/users\/3"}],"replies":[{"embeddable":true,"href":"https:\/\/www.adufpb.org.br\/site\/wp-json\/wp\/v2\/comments?post=18431"}],"version-history":[{"count":3,"href":"https:\/\/www.adufpb.org.br\/site\/wp-json\/wp\/v2\/posts\/18431\/revisions"}],"predecessor-version":[{"id":18438,"href":"https:\/\/www.adufpb.org.br\/site\/wp-json\/wp\/v2\/posts\/18431\/revisions\/18438"}],"wp:attachment":[{"href":"https:\/\/www.adufpb.org.br\/site\/wp-json\/wp\/v2\/media?parent=18431"}],"wp:term":[{"taxonomy":"category","embeddable":true,"href":"https:\/\/www.adufpb.org.br\/site\/wp-json\/wp\/v2\/categories?post=18431"},{"taxonomy":"post_tag","embeddable":true,"href":"https:\/\/www.adufpb.org.br\/site\/wp-json\/wp\/v2\/tags?post=18431"}],"curies":[{"name":"wp","href":"https:\/\/api.w.org\/{rel}","templated":true}]}}