{"id":18325,"date":"2018-05-24T19:48:40","date_gmt":"2018-05-24T22:48:40","guid":{"rendered":"http:\/\/www.adufpb.org.br\/site\/?p=18325"},"modified":"2018-05-24T19:48:40","modified_gmt":"2018-05-24T22:48:40","slug":"nota-publica-todo-apoio-as-lutas-por-melhores-condicoes-de-vida-e-trabalho","status":"publish","type":"post","link":"https:\/\/www.adufpb.org.br\/site\/nota-publica-todo-apoio-as-lutas-por-melhores-condicoes-de-vida-e-trabalho\/","title":{"rendered":"NOTA P\u00daBLICA &#8211; Todo apoio \u00e0s lutas por melhores condi\u00e7\u00f5es de vida e trabalho!"},"content":{"rendered":"<p>Mobiliza\u00e7\u00f5es tomam conta de todo o pa\u00eds, com os bloqueios nas estradas, piquetes em v\u00e1rios centros urbanos contra os aumentos dos combust\u00edveis, pauta objetiva que est\u00e1 diretamente relacionada com as condi\u00e7\u00f5es de trabalho das categorias dos transportes. \u00c9 importante sempre destacar que a pol\u00edtica do governo Michel Temer direcionada \u00e0 Petrobras \u00e9 a respons\u00e1vel pelos aumentos sucessivos dos combust\u00edveis, pois o governo tem, de forma intencional, reduzido a capacidade de produ\u00e7\u00e3o e refinamento do petr\u00f3leo, o que favorece as empresas internacionais \u2013 o pa\u00eds est\u00e1 vendendo petr\u00f3leo e comprando combust\u00edvel \u2013 e expressa um claro ataque \u00e0 Petrobr\u00e1s como parte da pol\u00edtica de privatiza\u00e7\u00e3o e desnacionaliza\u00e7\u00e3o do governo.<\/p>\n<p>As greves de professores das redes p\u00fablica e privada em todo o pa\u00eds; as greves e mobiliza\u00e7\u00f5es dos metal\u00fargicos, dos portu\u00e1rios; e as lutas dos trabalhadores da Petrobras merecem nossa solidariedade, pois est\u00e3o diretamente relacionadas com a deteriora\u00e7\u00e3o das condi\u00e7\u00f5es de vida e trabalho da classe trabalhadora do pa\u00eds.<\/p>\n<p>A Diretoria Executiva, reunida na tarde desta quinta-feira, 25 de maio de 2018, fez uma an\u00e1lise inicial do processo em curso e deliberou que:<\/p>\n<p>1. Apoio \u00e0s lutas em defesa dos direitos e por melhores condi\u00e7\u00f5es de vida e trabalho;<br \/>\n2. Prestar solidariedade aos trabalhadores e trabalhadoras em lutas, convocando aqueles que se identificam com as lutas a se somarem as mobiliza\u00e7\u00f5es;<br \/>\n3. Cobrar das centrais sindicais convoca\u00e7\u00e3o de uma greve geral;<br \/>\n4. Convocar para o dia 29.05, \u00e0s 09h, no Audit\u00f3rio da Reitoria, a Assembleia da ADUFPB;<br \/>\n5. Reafirmar a defesa de nossas bandeiras de lutas;<br \/>\n6. Denunciar os ataques do governo Temer aos direitos, \u00e0s universidades, expresso nos cortes e contingenciamentos do or\u00e7amento que tem ampliado a precariza\u00e7\u00e3o das condi\u00e7\u00f5es de trabalho nas universidades;<br \/>\n7. Denunciar os ataques \u00e0 Petrobr\u00e1s.<br \/>\nConvocamos a categoria docente para fortalecer as lutas por melhores condi\u00e7\u00f5es de vida e trabalho e em defesa da universidade p\u00fablica, gratuita e de qualidade. Todos(as) \u00e0 Assembleia, dia 29.05, \u00e0s 09h no Audit\u00f3rio da Reitoria.<\/p>\n<p>Diretoria Executiva da ADUFPB<\/p>\n","protected":false},"excerpt":{"rendered":"<p>Mobiliza\u00e7\u00f5es tomam conta de todo o pa\u00eds, com os bloqueios nas estradas, piquetes em v\u00e1rios centros urbanos contra os aumentos dos combust\u00edveis, pauta objetiva que est\u00e1 diretamente relacionada com as condi\u00e7\u00f5es de trabalho das categorias dos transportes. \u00c9 importante sempre destacar que a pol\u00edtica do governo Michel Temer direcionada \u00e0 Petrobras \u00e9 a respons\u00e1vel pelos&hellip;<\/p>\n","protected":false},"author":4,"featured_media":18326,"comment_status":"closed","ping_status":"closed","sticky":false,"template":"","format":"standard","meta":{"footnotes":""},"categories":[15,417],"tags":[],"class_list":["post-18325","post","type-post","status-publish","format-standard","has-post-thumbnail","hentry","category-noticias","category-noticias-destaque","category-15","category-417","description-off"],"_links":{"self":[{"href":"https:\/\/www.adufpb.org.br\/site\/wp-json\/wp\/v2\/posts\/18325","targetHints":{"allow":["GET"]}}],"collection":[{"href":"https:\/\/www.adufpb.org.br\/site\/wp-json\/wp\/v2\/posts"}],"about":[{"href":"https:\/\/www.adufpb.org.br\/site\/wp-json\/wp\/v2\/types\/post"}],"author":[{"embeddable":true,"href":"https:\/\/www.adufpb.org.br\/site\/wp-json\/wp\/v2\/users\/4"}],"replies":[{"embeddable":true,"href":"https:\/\/www.adufpb.org.br\/site\/wp-json\/wp\/v2\/comments?post=18325"}],"version-history":[{"count":1,"href":"https:\/\/www.adufpb.org.br\/site\/wp-json\/wp\/v2\/posts\/18325\/revisions"}],"predecessor-version":[{"id":18327,"href":"https:\/\/www.adufpb.org.br\/site\/wp-json\/wp\/v2\/posts\/18325\/revisions\/18327"}],"wp:featuredmedia":[{"embeddable":true,"href":"https:\/\/www.adufpb.org.br\/site\/wp-json\/wp\/v2\/media\/18326"}],"wp:attachment":[{"href":"https:\/\/www.adufpb.org.br\/site\/wp-json\/wp\/v2\/media?parent=18325"}],"wp:term":[{"taxonomy":"category","embeddable":true,"href":"https:\/\/www.adufpb.org.br\/site\/wp-json\/wp\/v2\/categories?post=18325"},{"taxonomy":"post_tag","embeddable":true,"href":"https:\/\/www.adufpb.org.br\/site\/wp-json\/wp\/v2\/tags?post=18325"}],"curies":[{"name":"wp","href":"https:\/\/api.w.org\/{rel}","templated":true}]}}