{"id":18310,"date":"2018-05-21T09:36:59","date_gmt":"2018-05-21T12:36:59","guid":{"rendered":"http:\/\/www.adufpb.org.br\/site\/?p=18310"},"modified":"2018-05-21T10:18:54","modified_gmt":"2018-05-21T13:18:54","slug":"chapa-1-vence-a-eleicao-para-diretoria-do-andes-sn-bienio-20182020","status":"publish","type":"post","link":"https:\/\/www.adufpb.org.br\/site\/chapa-1-vence-a-eleicao-para-diretoria-do-andes-sn-bienio-20182020\/","title":{"rendered":"Chapa 1 vence a elei\u00e7\u00e3o para diretoria do ANDES-SN bi\u00eanio 2018\/2020"},"content":{"rendered":"<p>A Comiss\u00e3o Eleitoral Central (CEC) divulgou na manh\u00e3 desta ter\u00e7a-feira (15), o resultado final da computa\u00e7\u00e3o dos votos da elei\u00e7\u00e3o para a nova diretoria do ANDES-SN, que estar\u00e1 \u00e0 frente do Sindicato Nacional durante o bi\u00eanio 2018-2020. A Chapa 1 \u201cANDES Aut\u00f4nomo e de Luta\u201d foi eleita com <a href=\"http:\/\/www.andes.org.br\/andes\/print-ultimas-noticias.andes?id=9471\" target=\"_blank\">51,71% dos votos dos eleitores que compareceram \u00e0s urnas de todo o pa\u00eds, nos dias 9 e 10 de maio<\/a>.<\/p>\n<p>A vota\u00e7\u00e3o ocorreu, atrav\u00e9s de voto direto e secreto, nas secretarias regionais e em 99 se\u00e7\u00f5es sindicais do Sindicato Nacional em todo o pa\u00eds. Do total docentes aptos a votar (69.152), 24,42% compareceram \u00e0s urnas, ou seja, foram 16.887 votantes. Desses, 8.732 (51,71%) votaram na chapa 1; 7.215 (42,73%) na chapa 2; 481 (2,85%) em branco; e 459 foram votos nulos (2,72%). Confira<a href=\"http:\/\/portal.andes.org.br\/imprensa\/noticias\/imp-ult-1517624866.pdf\" target=\"_blank\"> o mapa da apura\u00e7\u00e3o na planilha <\/a>da <a href=\"http:\/\/portal.andes.org.br\/imprensa\/noticias\/imp-ult-1191314607.pdf\" target=\"_blank\">Circular n\u00ba\u00a0 31\/CEC\/18.<\/a><\/p>\n<p>Segundo Alexandre Galv\u00e3o Carvalho, presidente da Comiss\u00e3o Eleitoral Central (CEC), a participa\u00e7\u00e3o de duas chapas e o envolvimento dos docentes no pleito eleitoral mostram que o ANDES-SN \u00e9 um espa\u00e7o democr\u00e1tico e o representante leg\u00edtimo da categoria docente. \u201cDepois de muitos anos tivemos duas chapas concorrendo \u00e0s elei\u00e7\u00f5es do ANDES-SN e uma grande participa\u00e7\u00e3o das se\u00e7\u00f5es sindicais. O Sindicato Nacional sai fortalecido depois desse processo eleitoral para as lutas vindouras, na medida em que a elei\u00e7\u00e3o envolveu toda a categoria, que se envolveu no processo, com a campanha, apresentou o seu projeto, e o maior saldo da elei\u00e7\u00e3o \u00e9 que o ANDES-SN sai fortalecido e municiado para enfrentar essa conjuntura de profundos ataques\u201d, disse.<\/p>\n<p><strong>Cronograma<\/strong><br \/>\n<strong><\/strong><\/p>\n<p>Ap\u00f3s a divulga\u00e7\u00e3o do resultado final da computa\u00e7\u00e3o final dos votos nesta ter\u00e7a (15), \u00e9 dado um prazo de 24 horas para que os representantes das chapas ou candidatos apresentem recursos, conforme Art. 49 do Regimento. Caso n\u00e3o sejam apresentados recursos, a promulga\u00e7\u00e3o do resultado sair\u00e1 no dia 16 de maio.<\/p>\n<p>A posse da nova diretoria eleita ocorrer\u00e1 em Fortaleza (CE), durante o 63\u00ba Conad, que inicia no dia 28 de junho.<\/p>\n<p><em>FONTE: ANDES-SN<\/em><\/p>\n","protected":false},"excerpt":{"rendered":"<p>A Comiss\u00e3o Eleitoral Central (CEC) divulgou na manh\u00e3 desta ter\u00e7a-feira (15), o resultado final da computa\u00e7\u00e3o dos votos da elei\u00e7\u00e3o para a nova diretoria do ANDES-SN, que estar\u00e1 \u00e0 frente do Sindicato Nacional durante o bi\u00eanio 2018-2020. A Chapa 1 \u201cANDES Aut\u00f4nomo e de Luta\u201d foi eleita com 51,71% dos votos dos eleitores que compareceram&hellip;<\/p>\n","protected":false},"author":8,"featured_media":18312,"comment_status":"closed","ping_status":"closed","sticky":false,"template":"","format":"standard","meta":{"footnotes":""},"categories":[15],"tags":[92,940,446],"class_list":["post-18310","post","type-post","status-publish","format-standard","has-post-thumbnail","hentry","category-noticias","tag-andes","tag-andes-sn","tag-eleicoes-andes","category-15","description-off"],"_links":{"self":[{"href":"https:\/\/www.adufpb.org.br\/site\/wp-json\/wp\/v2\/posts\/18310","targetHints":{"allow":["GET"]}}],"collection":[{"href":"https:\/\/www.adufpb.org.br\/site\/wp-json\/wp\/v2\/posts"}],"about":[{"href":"https:\/\/www.adufpb.org.br\/site\/wp-json\/wp\/v2\/types\/post"}],"author":[{"embeddable":true,"href":"https:\/\/www.adufpb.org.br\/site\/wp-json\/wp\/v2\/users\/8"}],"replies":[{"embeddable":true,"href":"https:\/\/www.adufpb.org.br\/site\/wp-json\/wp\/v2\/comments?post=18310"}],"version-history":[{"count":1,"href":"https:\/\/www.adufpb.org.br\/site\/wp-json\/wp\/v2\/posts\/18310\/revisions"}],"predecessor-version":[{"id":18311,"href":"https:\/\/www.adufpb.org.br\/site\/wp-json\/wp\/v2\/posts\/18310\/revisions\/18311"}],"wp:featuredmedia":[{"embeddable":true,"href":"https:\/\/www.adufpb.org.br\/site\/wp-json\/wp\/v2\/media\/18312"}],"wp:attachment":[{"href":"https:\/\/www.adufpb.org.br\/site\/wp-json\/wp\/v2\/media?parent=18310"}],"wp:term":[{"taxonomy":"category","embeddable":true,"href":"https:\/\/www.adufpb.org.br\/site\/wp-json\/wp\/v2\/categories?post=18310"},{"taxonomy":"post_tag","embeddable":true,"href":"https:\/\/www.adufpb.org.br\/site\/wp-json\/wp\/v2\/tags?post=18310"}],"curies":[{"name":"wp","href":"https:\/\/api.w.org\/{rel}","templated":true}]}}