{"id":18240,"date":"2018-04-25T14:42:50","date_gmt":"2018-04-25T17:42:50","guid":{"rendered":"http:\/\/www.adufpb.org.br\/site\/?p=18240"},"modified":"2018-04-25T14:42:50","modified_gmt":"2018-04-25T17:42:50","slug":"laboratorio-de-jornalismo-impresso-da-ufpb-traz-palestra-com-poeta-polibio-alves","status":"publish","type":"post","link":"https:\/\/www.adufpb.org.br\/site\/laboratorio-de-jornalismo-impresso-da-ufpb-traz-palestra-com-poeta-polibio-alves\/","title":{"rendered":"Laborat\u00f3rio de Jornalismo Impresso da UFPB traz palestra com poeta Pol\u00edbio Alves"},"content":{"rendered":"<p dir=\"ltr\">O Laborat\u00f3rio de Jornalismo Impresso da UFPB promove nesta sexta-feira (27\/4), a partir das 9h30, no audit\u00f3rio do Sintespb (Ao lado da Caixa Econ\u00f4mica do campus I) uma palestra com o escritor Pol\u00edbio Alves, autor de Varadouro.<\/p>\n<p dir=\"ltr\">O escritor Pol\u00edbio Alves nasceu em Jo\u00e3o Pessoa. Em 1964, transferiu-se para o Rio de Janeiro e l\u00e1 recebeu o t\u00edtulo de cidad\u00e3o carioca por seu trabalho com educa\u00e7\u00e3o popular. Nessa \u00e9poca, tamb\u00e9m colaborou com jornais da cidade, recebendo alguns pr\u00eamios por suas publica\u00e7\u00f5es.<\/p>\n<p dir=\"ltr\">Em 1968, dentro da universidade, foi testemunha do assassinato de seu colega Edson Lu\u00eds, no restaurante do campus, com um tiro no peito. Nos anos 80, voltou a residir na capital paraibana e lan\u00e7ou uma pequena edi\u00e7\u00e3o de Varadouro, custeada pelo pr\u00f3prio autor, tendo grande sucesso junto a cr\u00edtica e o p\u00fablico.<\/p>\n<p dir=\"ltr\"><a href=\"http:\/\/www.adufpb.org.br\/site\/wp-content\/uploads\/2018\/04\/maxresdefault.jpg\"><img loading=\"lazy\" decoding=\"async\" class=\"wp-image-18242 alignright\" alt=\"maxresdefault\" src=\"http:\/\/www.adufpb.org.br\/site\/wp-content\/uploads\/2018\/04\/maxresdefault-300x168.jpg\" width=\"300\" height=\"168\" srcset=\"https:\/\/www.adufpb.org.br\/site\/wp-content\/uploads\/2018\/04\/maxresdefault-300x168.jpg 300w, https:\/\/www.adufpb.org.br\/site\/wp-content\/uploads\/2018\/04\/maxresdefault-1024x576.jpg 1024w, https:\/\/www.adufpb.org.br\/site\/wp-content\/uploads\/2018\/04\/maxresdefault.jpg 1280w\" sizes=\"auto, (max-width: 300px) 100vw, 300px\" \/><\/a>Nessa \u00e9poca, Pol\u00edbio Alves integrou o livro A presen\u00e7a do conto paraibano (1981), publicado pela Secretaria de Cultura do Estado da Para\u00edba.<\/p>\n<p dir=\"ltr\">Da obra polibiana, destacam-se O que resta dos mortos (2003, publicado pela editora da UFPB) Os ratos amestrados fazem acrobacias ao amanhecer (2014, pela A Uni\u00e3o editora) Objetos indom\u00e1veis (2013, M\u00eddia Gr\u00e1fia Editora) Exerc\u00edcio L\u00fadico- Inven\u00e7\u00f5es e armadilhas (Editora Ideia, 1991). O seu livro mais recente \u00e9 A leste dos homens (editora Inverta, do Rio de Janeiro), no qual o romance trata da ditadura militar na Para\u00edba.<\/p>\n<p dir=\"ltr\">O trabalho do escritor foi estudada em profundidade em Pol\u00edbio Alves, um homem, um arquivo, uma trajet\u00f3ria(2015), de autoria de Ana Cl\u00e1udia Cruz C\u00f3rdula e da vice Reitora Bernardina Maria Freire, no qual o processo criativo \u00e9 estudado pelas pesquisadoras da universidade.<\/p>\n<p dir=\"ltr\">O escritor foi traduzido e publicado internacionalmente. Por sua rela\u00e7\u00e3o com Cuba, ele teve seu trabalho lan\u00e7ado na Casa das Am\u00e9ricas, com Lo que queda de los muertos(1998, pela Editorial Arte y Literatura, de Cuba).<\/p>\n<p>Al\u00e9m disso, Pol\u00edbio foi traduzido para o ingl\u00eas com o livro Emotional training creations &amp; traps (2004). A sua atua\u00e7\u00e3o internacional vem sendo reconhecida atrav\u00e9s de pr\u00eamios em v\u00e1rios pa\u00edses. As rela\u00e7\u00f5es entre o Varadouro polibiano e a principal cidade cubana podem ser sentidos no livro La Habana vieja: olhos de ver (2015).<\/p>\n","protected":false},"excerpt":{"rendered":"<p>O Laborat\u00f3rio de Jornalismo Impresso da UFPB promove nesta sexta-feira (27\/4), a partir das 9h30, no audit\u00f3rio do Sintespb (Ao lado da Caixa Econ\u00f4mica do campus I) uma palestra com o escritor Pol\u00edbio Alves, autor de Varadouro. O escritor Pol\u00edbio Alves nasceu em Jo\u00e3o Pessoa. Em 1964, transferiu-se para o Rio de Janeiro e l\u00e1&hellip;<\/p>\n","protected":false},"author":8,"featured_media":18243,"comment_status":"closed","ping_status":"closed","sticky":false,"template":"","format":"standard","meta":{"footnotes":""},"categories":[15],"tags":[1111],"class_list":["post-18240","post","type-post","status-publish","format-standard","has-post-thumbnail","hentry","category-noticias","tag-polibio-alves","category-15","description-off"],"_links":{"self":[{"href":"https:\/\/www.adufpb.org.br\/site\/wp-json\/wp\/v2\/posts\/18240","targetHints":{"allow":["GET"]}}],"collection":[{"href":"https:\/\/www.adufpb.org.br\/site\/wp-json\/wp\/v2\/posts"}],"about":[{"href":"https:\/\/www.adufpb.org.br\/site\/wp-json\/wp\/v2\/types\/post"}],"author":[{"embeddable":true,"href":"https:\/\/www.adufpb.org.br\/site\/wp-json\/wp\/v2\/users\/8"}],"replies":[{"embeddable":true,"href":"https:\/\/www.adufpb.org.br\/site\/wp-json\/wp\/v2\/comments?post=18240"}],"version-history":[{"count":1,"href":"https:\/\/www.adufpb.org.br\/site\/wp-json\/wp\/v2\/posts\/18240\/revisions"}],"predecessor-version":[{"id":18244,"href":"https:\/\/www.adufpb.org.br\/site\/wp-json\/wp\/v2\/posts\/18240\/revisions\/18244"}],"wp:featuredmedia":[{"embeddable":true,"href":"https:\/\/www.adufpb.org.br\/site\/wp-json\/wp\/v2\/media\/18243"}],"wp:attachment":[{"href":"https:\/\/www.adufpb.org.br\/site\/wp-json\/wp\/v2\/media?parent=18240"}],"wp:term":[{"taxonomy":"category","embeddable":true,"href":"https:\/\/www.adufpb.org.br\/site\/wp-json\/wp\/v2\/categories?post=18240"},{"taxonomy":"post_tag","embeddable":true,"href":"https:\/\/www.adufpb.org.br\/site\/wp-json\/wp\/v2\/tags?post=18240"}],"curies":[{"name":"wp","href":"https:\/\/api.w.org\/{rel}","templated":true}]}}