{"id":18231,"date":"2018-04-23T15:56:46","date_gmt":"2018-04-23T18:56:46","guid":{"rendered":"http:\/\/www.adufpb.org.br\/site\/?p=18231"},"modified":"2018-04-23T15:56:46","modified_gmt":"2018-04-23T18:56:46","slug":"assista-ao-video-da-palestra-ler-o-passado-para-compreender-o-presente-de-juremir-machado","status":"publish","type":"post","link":"https:\/\/www.adufpb.org.br\/site\/assista-ao-video-da-palestra-ler-o-passado-para-compreender-o-presente-de-juremir-machado\/","title":{"rendered":"Assista ao v\u00eddeo da palestra \u201cLer o passado para compreender o presente\u201d de Juremir Machado"},"content":{"rendered":"<p>O escritor, tradutor, jornalista, professor universit\u00e1rio e pesquisador do Programa de P\u00f3s-Gradua\u00e7\u00e3o em Comunica\u00e7\u00e3o da PUC-RS, Juremir Machado da Silva esteve em Jo\u00e3o Pessoa e deu palestra \u201cLer o passado para compreender o presente\u201d na primeira edi\u00e7\u00e3o do projeto Realidade Brasileira e Universidade, organizado e promovido pela ADUFPB, que aconteceu no dia 13 de abril, no Campus I da UFPB, em Jo\u00e3o Pessoa.<\/p>\n<p>Para debater sobre o tema, foram convidados os professores Cristiano Bonneau, do Centro de Ci\u00eancias Sociais Aplicadas e Educa\u00e7\u00e3o do campus IV, e Tiago Bernardon, do Departamento de Hist\u00f3ria do Centro de Ci\u00eancias Humanas, Letras e Artes (CCHLA), ambos da Universidade Federal da Para\u00edba.<\/p>\n<p><a href=\"http:\/\/www.adufpb.org.br\/site\/wp-content\/uploads\/2018\/04\/Juremir_abril18-2.jpg\"><img loading=\"lazy\" decoding=\"async\" class=\"alignright size-medium wp-image-18233\" alt=\"Juremir_abril18-(2)\" src=\"http:\/\/www.adufpb.org.br\/site\/wp-content\/uploads\/2018\/04\/Juremir_abril18-2-300x177.jpg\" width=\"300\" height=\"177\" srcset=\"https:\/\/www.adufpb.org.br\/site\/wp-content\/uploads\/2018\/04\/Juremir_abril18-2-300x177.jpg 300w, https:\/\/www.adufpb.org.br\/site\/wp-content\/uploads\/2018\/04\/Juremir_abril18-2.jpg 1024w\" sizes=\"auto, (max-width: 300px) 100vw, 300px\" \/><\/a>A proposta do projeto Realidade Brasileira e Universidade \u00e9 discutir temas da atualidade que impactam diretamente o ensino superior brasileiro. Ao longo do ano de 2017, a ADUFPB realizou nove edi\u00e7\u00f5es do Realidade Brasileira e Universidade, trazendo personalidades de destaque no cen\u00e1rio social, pol\u00edtico, econ\u00f4mico e universit\u00e1rio, entre elas a educadora e historiadora Nita Freire; o economista Pl\u00ednio de Arruda Sampaio J\u00fanior; a professora da UFRJ, Lena Lavinas, que \u00e9 membro do Comit\u00ea Cient\u00edfico da C\u00e1tedra Bernard Maris, da Unesco; e o ex-deputado federal e professor da Universidade Federal de Pernambuco (UFPE), Paulo Rubem Santiago.<\/p>\n<p>&nbsp;<\/p>\n<p>&nbsp;<\/p>\n<p><iframe loading=\"lazy\" src=\"http:\/\/www.youtube.com\/embed\/VfIknYigECA\" height=\"350\" width=\"425\" frameborder=\"0\"><\/iframe><\/p>\n","protected":false},"excerpt":{"rendered":"<p>O escritor, tradutor, jornalista, professor universit\u00e1rio e pesquisador do Programa de P\u00f3s-Gradua\u00e7\u00e3o em Comunica\u00e7\u00e3o da PUC-RS, Juremir Machado da Silva esteve em Jo\u00e3o Pessoa e deu palestra \u201cLer o passado para compreender o presente\u201d na primeira edi\u00e7\u00e3o do projeto Realidade Brasileira e Universidade, organizado e promovido pela ADUFPB, que aconteceu no dia 13 de abril,&hellip;<\/p>\n","protected":false},"author":8,"featured_media":18232,"comment_status":"closed","ping_status":"closed","sticky":false,"template":"","format":"standard","meta":{"footnotes":""},"categories":[15],"tags":[1109,848,1037],"class_list":["post-18231","post","type-post","status-publish","format-standard","has-post-thumbnail","hentry","category-noticias","tag-juremir-machado","tag-projeto-realidade-brasileira-e-universidade","tag-realidade-brasileira","category-15","description-off"],"_links":{"self":[{"href":"https:\/\/www.adufpb.org.br\/site\/wp-json\/wp\/v2\/posts\/18231","targetHints":{"allow":["GET"]}}],"collection":[{"href":"https:\/\/www.adufpb.org.br\/site\/wp-json\/wp\/v2\/posts"}],"about":[{"href":"https:\/\/www.adufpb.org.br\/site\/wp-json\/wp\/v2\/types\/post"}],"author":[{"embeddable":true,"href":"https:\/\/www.adufpb.org.br\/site\/wp-json\/wp\/v2\/users\/8"}],"replies":[{"embeddable":true,"href":"https:\/\/www.adufpb.org.br\/site\/wp-json\/wp\/v2\/comments?post=18231"}],"version-history":[{"count":2,"href":"https:\/\/www.adufpb.org.br\/site\/wp-json\/wp\/v2\/posts\/18231\/revisions"}],"predecessor-version":[{"id":18235,"href":"https:\/\/www.adufpb.org.br\/site\/wp-json\/wp\/v2\/posts\/18231\/revisions\/18235"}],"wp:featuredmedia":[{"embeddable":true,"href":"https:\/\/www.adufpb.org.br\/site\/wp-json\/wp\/v2\/media\/18232"}],"wp:attachment":[{"href":"https:\/\/www.adufpb.org.br\/site\/wp-json\/wp\/v2\/media?parent=18231"}],"wp:term":[{"taxonomy":"category","embeddable":true,"href":"https:\/\/www.adufpb.org.br\/site\/wp-json\/wp\/v2\/categories?post=18231"},{"taxonomy":"post_tag","embeddable":true,"href":"https:\/\/www.adufpb.org.br\/site\/wp-json\/wp\/v2\/tags?post=18231"}],"curies":[{"name":"wp","href":"https:\/\/api.w.org\/{rel}","templated":true}]}}