{"id":18200,"date":"2018-04-19T20:46:17","date_gmt":"2018-04-19T23:46:17","guid":{"rendered":"http:\/\/www.adufpb.org.br\/site\/?p=18200"},"modified":"2018-04-19T20:46:17","modified_gmt":"2018-04-19T23:46:17","slug":"candidatos-da-chapa-renova-andes-da-eleicao-do-andes-visitam-adufpb","status":"publish","type":"post","link":"https:\/\/www.adufpb.org.br\/site\/candidatos-da-chapa-renova-andes-da-eleicao-do-andes-visitam-adufpb\/","title":{"rendered":"Candidatos da chapa \u201cRenova ANDES\u201d da elei\u00e7\u00e3o do ANDES visitam ADUFPB"},"content":{"rendered":"<p dir=\"ltr\" id=\"docs-internal-guid-a6ead25f-dff4-01a6-e5ba-a4dc3bc89b79\">As professoras Celi Taffarel (UFBA), Maria de Lourdes Nunes (ADUFPI SSind) da Chapa 2 \u201cRenova ANDES\u201d, da elei\u00e7\u00e3o do ANDES-SN, visitaram a sede da ADUFPB nesta quinta-feira (19). Elas est\u00e3o em uma agenda de visitas \u00e0s universidades para divulgar suas propostas de campanha. O pleito acontece nos dias 9 e 10 de maio.<\/p>\n<p dir=\"ltr\">Celi disse que \u201c\u00e9 muito importante poder divulgar que h\u00e1 uma elei\u00e7\u00e3o do ANDES e que vamos discutir as grandes quest\u00f5es que est\u00e3o colocadas, como os ataques \u00e0s universidades e como poderemos fazer o enfrentamento.\u201d<\/p>\n<p dir=\"ltr\">\u201cA ADUFPB \u00e9 uma das maiores se\u00e7\u00f5es sindicais do Nordeste. Por isso foi muito bom poder conversar com os professores daqui\u201d, comemorou a professora que disse que a proposta do Renova ANDES \u00e9 unir as for\u00e7as dos docentes de todo o pa\u00eds para lutar contra o Golpe.<a href=\"http:\/\/www.adufpb.org.br\/site\/wp-content\/uploads\/2018\/04\/me_20180419_182138.jpg\"><img loading=\"lazy\" decoding=\"async\" class=\"alignright size-medium wp-image-18203\" alt=\"me_20180419_182138\" src=\"http:\/\/www.adufpb.org.br\/site\/wp-content\/uploads\/2018\/04\/me_20180419_182138-300x177.jpg\" width=\"300\" height=\"177\" srcset=\"https:\/\/www.adufpb.org.br\/site\/wp-content\/uploads\/2018\/04\/me_20180419_182138-300x177.jpg 300w, https:\/\/www.adufpb.org.br\/site\/wp-content\/uploads\/2018\/04\/me_20180419_182138-1024x604.jpg 1024w, https:\/\/www.adufpb.org.br\/site\/wp-content\/uploads\/2018\/04\/me_20180419_182138.jpg 1280w\" sizes=\"auto, (max-width: 300px) 100vw, 300px\" \/><\/a><\/p>\n<p dir=\"ltr\">Segundo Maria de Lourdes, votar na Chapa 2, \u00e9 votar contra a Reforma Trabalhista e contra a Emenda Constitucional 95, que limita os gastos p\u00fablicos com educa\u00e7\u00e3o e sa\u00fade por 20 anos.<\/p>\n<p dir=\"ltr\">As professoras foram recebidas pelo presidente da ADUFPB, Cristiano Bonneau que recebeu em m\u00e3os o manifesto com as propostas da chapa e aproveitou para pedir maior apoio do ANDES ao eventos locais da ADUFPB e maior integra\u00e7\u00e3o da nacional com as se\u00e7\u00f5es regionais.<\/p>\n","protected":false},"excerpt":{"rendered":"<p>As professoras Celi Taffarel (UFBA), Maria de Lourdes Nunes (ADUFPI SSind) da Chapa 2 \u201cRenova ANDES\u201d, da elei\u00e7\u00e3o do ANDES-SN, visitaram a sede da ADUFPB nesta quinta-feira (19). Elas est\u00e3o em uma agenda de visitas \u00e0s universidades para divulgar suas propostas de campanha. O pleito acontece nos dias 9 e 10 de maio. Celi disse&hellip;<\/p>\n","protected":false},"author":8,"featured_media":18201,"comment_status":"closed","ping_status":"closed","sticky":false,"template":"","format":"standard","meta":{"footnotes":""},"categories":[15,417],"tags":[92,767,227,446,412],"class_list":["post-18200","post","type-post","status-publish","format-standard","has-post-thumbnail","hentry","category-noticias","category-noticias-destaque","tag-andes","tag-eleicao-andes","tag-eleicao-do-andes","tag-eleicoes-andes","tag-eleicoes-do-andes","category-15","category-417","description-off"],"_links":{"self":[{"href":"https:\/\/www.adufpb.org.br\/site\/wp-json\/wp\/v2\/posts\/18200","targetHints":{"allow":["GET"]}}],"collection":[{"href":"https:\/\/www.adufpb.org.br\/site\/wp-json\/wp\/v2\/posts"}],"about":[{"href":"https:\/\/www.adufpb.org.br\/site\/wp-json\/wp\/v2\/types\/post"}],"author":[{"embeddable":true,"href":"https:\/\/www.adufpb.org.br\/site\/wp-json\/wp\/v2\/users\/8"}],"replies":[{"embeddable":true,"href":"https:\/\/www.adufpb.org.br\/site\/wp-json\/wp\/v2\/comments?post=18200"}],"version-history":[{"count":3,"href":"https:\/\/www.adufpb.org.br\/site\/wp-json\/wp\/v2\/posts\/18200\/revisions"}],"predecessor-version":[{"id":18205,"href":"https:\/\/www.adufpb.org.br\/site\/wp-json\/wp\/v2\/posts\/18200\/revisions\/18205"}],"wp:featuredmedia":[{"embeddable":true,"href":"https:\/\/www.adufpb.org.br\/site\/wp-json\/wp\/v2\/media\/18201"}],"wp:attachment":[{"href":"https:\/\/www.adufpb.org.br\/site\/wp-json\/wp\/v2\/media?parent=18200"}],"wp:term":[{"taxonomy":"category","embeddable":true,"href":"https:\/\/www.adufpb.org.br\/site\/wp-json\/wp\/v2\/categories?post=18200"},{"taxonomy":"post_tag","embeddable":true,"href":"https:\/\/www.adufpb.org.br\/site\/wp-json\/wp\/v2\/tags?post=18200"}],"curies":[{"name":"wp","href":"https:\/\/api.w.org\/{rel}","templated":true}]}}