{"id":1820,"date":"2011-07-20T12:15:34","date_gmt":"2011-07-20T16:15:34","guid":{"rendered":"http:\/\/www.adufpb.org.br\/site\/atualizacao-do-caderno-2-e-carta-de-maringa-encerram-os-trabalhos-do-56%c2%ba-conad\/"},"modified":"2011-07-20T12:15:34","modified_gmt":"2011-07-20T16:15:34","slug":"atualizacao-do-caderno-2-e-carta-de-maringa-encerram-os-trabalhos-do-56%c2%ba-conad","status":"publish","type":"post","link":"https:\/\/www.adufpb.org.br\/site\/atualizacao-do-caderno-2-e-carta-de-maringa-encerram-os-trabalhos-do-56%c2%ba-conad\/","title":{"rendered":"Atualiza\u00e7\u00e3o do Caderno 2 e Carta de Maring\u00e1 encerram os trabalhos do 56\u00ba Conad"},"content":{"rendered":"<div id=\"_mcePaste\" style=\"position: absolute; left: -10000px; top: 0px; width: 1px; height: 1px; overflow-x: hidden; overflow-y: hidden;\">Atualiza\u00e7\u00e3o do Caderno 2 e Carta de Maring\u00e1 encerram os trabalhos do 56\u00ba Conad<\/div>\n<div id=\"_mcePaste\" style=\"position: absolute; left: -10000px; top: 0px; width: 1px; height: 1px; overflow-x: hidden; overflow-y: hidden;\">Por Renata Maffezoli<\/div>\n<div id=\"_mcePaste\" style=\"position: absolute; left: -10000px; top: 0px; width: 1px; height: 1px; overflow-x: hidden; overflow-y: hidden;\">Ao t\u00e9rmino de quatro dias de intenso debate sobre diversos temas, entre eles a atualiza\u00e7\u00e3o dos planos de lutas do Sindicato Nacional, os representantes de 54 se\u00e7\u00f5es sindicais do ANDES-SN votaram pela atualiza\u00e7\u00e3o do Caderno 2, documento que re\u00fane a concep\u00e7\u00e3o de universidade do ANDES-SN. \u00a0No total, 177 docentes participaram do 56\u00ba Conad, realizado em Maring\u00e1 (PR), de 14 a 17 de julho.<\/div>\n<div id=\"_mcePaste\" style=\"position: absolute; left: -10000px; top: 0px; width: 1px; height: 1px; overflow-x: hidden; overflow-y: hidden;\">A vota\u00e7\u00e3o aconteceu na manh\u00e3 de domingo (17), quando os delegados se debru\u00e7aram sobre as altera\u00e7\u00f5es indicadas pelos grupos mistos. A atualiza\u00e7\u00e3o do documento, representa a consolida\u00e7\u00e3o de um novo patamar para o Caderno 2, fortalecendo a proposta do Sindicato Nacional para a universidade brasileira.<\/div>\n<div id=\"_mcePaste\" style=\"position: absolute; left: -10000px; top: 0px; width: 1px; height: 1px; overflow-x: hidden; overflow-y: hidden;\">Ainda na plen\u00e1ria da manh\u00e3, os docentes aprovaram 18 mo\u00e7\u00f5es de apoio, solidariedade e tamb\u00e9m rep\u00fadio. Entre as manifesta\u00e7\u00f5es, os professores declararam apoio aos Col\u00e9gios de Aplica\u00e7\u00e3o das Institui\u00e7\u00f5es Federais de Ensino Superior (Ifes), \u00e0 luta dos docentes da Universidade Estadual do Amazonas (UEA) e dos bombeiros do estado do Rio de Janeiro, e se solidarizaram com a luta dos professores e estudantes chilenos. Repudiaram, entre outras situa\u00e7\u00f5es, a a\u00e7\u00e3o violenta do governador do Rio de Janeiro \u00e0 greve dos trabalhadores da educa\u00e7\u00e3o p\u00fablica do estado.<\/div>\n<div id=\"_mcePaste\" style=\"position: absolute; left: -10000px; top: 0px; width: 1px; height: 1px; overflow-x: hidden; overflow-y: hidden;\">Carta de Maring\u00e1<\/div>\n<div id=\"_mcePaste\" style=\"position: absolute; left: -10000px; top: 0px; width: 1px; height: 1px; overflow-x: hidden; overflow-y: hidden;\">O encerramento do 56\u00ba Conad se deu ap\u00f3s a leitura da Carta de Maring\u00e1, pelo secret\u00e1rio geral do ANDES-SN, M\u00e1rcio Antonio de Oliveira. O documento apresenta uma s\u00edntese de todas as discuss\u00f5es e delibera\u00e7\u00f5es do encontro. Segundo o documento, os encaminhamentos do Conad consolidam o ANDES-SN na luta pela universidade p\u00fablica e gratuita, aut\u00f4noma, democr\u00e1tica e de qualidade socialmente referenciada.<\/div>\n<div id=\"_mcePaste\" style=\"position: absolute; left: -10000px; top: 0px; width: 1px; height: 1px; overflow-x: hidden; overflow-y: hidden;\">A Carta refor\u00e7a ainda a posi\u00e7\u00e3o do Sindicato Nacional na defesa dos docentes, trabalhando firme para que as lutas do conjunto traduzam as decis\u00f5es coletivas. O documento, aprovado por unanimidade pelos presentes, finaliza reafirmando o compromisso do ANDES-SN com o Plano Nacional da Educa\u00e7\u00e3o (PNE) da sociedade brasileira.<\/div>\n<div id=\"_mcePaste\" style=\"position: absolute; left: -10000px; top: 0px; width: 1px; height: 1px; overflow-x: hidden; overflow-y: hidden;\">Confira aqui a \u00edntegra do documento.<\/div>\n<div id=\"_mcePaste\" style=\"position: absolute; left: -10000px; top: 0px; width: 1px; height: 1px; overflow-x: hidden; overflow-y: hidden;\">http:\/\/portal.andes.org.br\/imprensa\/noticias\/imp-ult-4491648.PDF<\/div>\n<div id=\"_mcePaste\" style=\"position: absolute; left: -10000px; top: 0px; width: 1px; height: 1px; overflow-x: hidden; overflow-y: hidden;\">Ao finalizar os trabalhos, a presidente do Sindicato Nacional, Marina Barbosa, observou que o encontrou foi extremamente representativo e que as discuss\u00f5es intensas permitiram um ac\u00famulo de discuss\u00f5es, que servir\u00e1 de muni\u00e7\u00e3o para enriquecer o debate e fortalecer a mobiliza\u00e7\u00e3o das se\u00e7\u00f5es sindicais junto \u00e0 base.<\/div>\n<div id=\"_mcePaste\" style=\"position: absolute; left: -10000px; top: 0px; width: 1px; height: 1px; overflow-x: hidden; overflow-y: hidden;\">\u201cOs professores aqui presentes cumpriram o papel de fortalecimento e aprofundamento da discuss\u00e3o, que se faz necess\u00e1rio para os enfrentamentos que temos em vista para o segundo semestre\u201d, avaliou.<\/div>\n<div id=\"_mcePaste\" style=\"position: absolute; left: -10000px; top: 0px; width: 1px; height: 1px; overflow-x: hidden; overflow-y: hidden;\">Marina destacou ainda que ficou evidente a necessidade de manter a trincheira de resist\u00eancia, especialmente na luta dos professores, mas em conjunto com as demais categorias, pela valoriza\u00e7\u00e3o dos trabalhadores e na defesa de seus direitos.<\/div>\n<div id=\"_mcePaste\" style=\"position: absolute; left: -10000px; top: 0px; width: 1px; height: 1px; overflow-x: hidden; overflow-y: hidden;\">\u201cFoi muito importante tamb\u00e9m o entendimento da plen\u00e1ria de que o Sindicato Nacional precisa se engajar firme na campanha pela aplica\u00e7\u00e3o de 10% do PIB na educa\u00e7\u00e3o, com a realiza\u00e7\u00e3o de um plebiscito no final deste ano\u201d, completou.<\/div>\n<div id=\"_mcePaste\" style=\"position: absolute; left: -10000px; top: 0px; width: 1px; height: 1px; overflow-x: hidden; overflow-y: hidden;\">Fonte: ANDES-SN<\/div>\n<div><em>Por Renata Maffezoli<\/em><\/div>\n<div><\/div>\n<div><a href=\"http:\/\/www.adufpb.org.br\/site\/wp-content\/uploads\/2011\/07\/56-conad-caderno-de-texto.jpg\"><img loading=\"lazy\" decoding=\"async\" class=\"alignleft size-medium wp-image-1819\" title=\"56 conad - caderno de texto\" src=\"http:\/\/www.adufpb.org.br\/site\/wp-content\/uploads\/2011\/07\/56-conad-caderno-de-texto-300x199.jpg\" alt=\"56 conad - caderno de texto\" width=\"300\" height=\"199\" srcset=\"https:\/\/www.adufpb.org.br\/site\/wp-content\/uploads\/2011\/07\/56-conad-caderno-de-texto-300x199.jpg 300w, https:\/\/www.adufpb.org.br\/site\/wp-content\/uploads\/2011\/07\/56-conad-caderno-de-texto.jpg 451w\" sizes=\"auto, (max-width: 300px) 100vw, 300px\" \/><\/a>Ao t\u00e9rmino de quatro dias de intenso debate sobre diversos temas, entre eles a atualiza\u00e7\u00e3o dos planos de lutas do Sindicato Nacional, os representantes de 54 se\u00e7\u00f5es sindicais do ANDES-SN votaram pela atualiza\u00e7\u00e3o do Caderno 2, documento que re\u00fane a concep\u00e7\u00e3o de universidade do ANDES-SN. \u00a0No total, 177 docentes participaram do 56\u00ba Conad, realizado em Maring\u00e1 (PR), de 14 a 17 de julho.<\/div>\n<div><\/div>\n<div>A vota\u00e7\u00e3o aconteceu na manh\u00e3 de domingo (17), quando os delegados se debru\u00e7aram sobre as altera\u00e7\u00f5es indicadas pelos grupos mistos. A atualiza\u00e7\u00e3o do documento, representa a consolida\u00e7\u00e3o de um novo patamar para o Caderno 2, fortalecendo a proposta do Sindicato Nacional para a universidade brasileira.<\/div>\n<div><\/div>\n<div>Ainda na plen\u00e1ria da manh\u00e3, os docentes aprovaram 18 mo\u00e7\u00f5es de apoio, solidariedade e tamb\u00e9m rep\u00fadio. Entre as manifesta\u00e7\u00f5es, os professores declararam apoio aos Col\u00e9gios de Aplica\u00e7\u00e3o das Institui\u00e7\u00f5es Federais de Ensino Superior (Ifes), \u00e0 luta dos docentes da Universidade Estadual do Amazonas (UEA) e dos bombeiros do estado do Rio de Janeiro, e se solidarizaram com a luta dos professores e estudantes chilenos. Repudiaram, entre outras situa\u00e7\u00f5es, a a\u00e7\u00e3o violenta do governador do Rio de Janeiro \u00e0 greve dos trabalhadores da educa\u00e7\u00e3o p\u00fablica do estado.<\/div>\n<div><\/div>\n<div><strong>Carta de Maring\u00e1<\/strong><\/div>\n<div>O encerramento do 56\u00ba Conad se deu ap\u00f3s a leitura da Carta de Maring\u00e1, pelo secret\u00e1rio geral do ANDES-SN, M\u00e1rcio Antonio de Oliveira. O documento apresenta uma s\u00edntese de todas as discuss\u00f5es e delibera\u00e7\u00f5es do encontro. Segundo o documento, os encaminhamentos do Conad consolidam o ANDES-SN na luta pela universidade p\u00fablica e gratuita, aut\u00f4noma, democr\u00e1tica e de qualidade socialmente referenciada.<\/div>\n<div><\/div>\n<div>A Carta refor\u00e7a ainda a posi\u00e7\u00e3o do Sindicato Nacional na defesa dos docentes, trabalhando firme para que as lutas do conjunto traduzam as decis\u00f5es coletivas. O documento, aprovado por unanimidade pelos presentes, finaliza reafirmando o compromisso do ANDES-SN com o Plano Nacional da Educa\u00e7\u00e3o (PNE) da sociedade brasileira.<\/div>\n<div><\/div>\n<div>Confira <a href=\"http:\/\/portal.andes.org.br\/imprensa\/noticias\/imp-ult-4491648.PDF\" target=\"_blank\">aqui<\/a> a \u00edntegra do documento.<\/div>\n<div><\/div>\n<div>Ao finalizar os trabalhos, a presidente do Sindicato Nacional, Marina Barbosa, observou que o encontrou foi extremamente representativo e que as discuss\u00f5es intensas permitiram um ac\u00famulo de discuss\u00f5es, que servir\u00e1 de muni\u00e7\u00e3o para enriquecer o debate e fortalecer a mobiliza\u00e7\u00e3o das se\u00e7\u00f5es sindicais junto \u00e0 base.<\/div>\n<div><\/div>\n<div>\u201cOs professores aqui presentes cumpriram o papel de fortalecimento e aprofundamento da discuss\u00e3o, que se faz necess\u00e1rio para os enfrentamentos que temos em vista para o segundo semestre\u201d, avaliou.<\/div>\n<div><\/div>\n<div>Marina destacou ainda que ficou evidente a necessidade de manter a trincheira de resist\u00eancia, especialmente na luta dos professores, mas em conjunto com as demais categorias, pela valoriza\u00e7\u00e3o dos trabalhadores e na defesa de seus direitos.<\/div>\n<div><\/div>\n<div>\u201cFoi muito importante tamb\u00e9m o entendimento da plen\u00e1ria de que o Sindicato Nacional precisa se engajar firme na campanha pela aplica\u00e7\u00e3o de 10% do PIB na educa\u00e7\u00e3o, com a realiza\u00e7\u00e3o de um plebiscito no final deste ano\u201d, completou.<\/div>\n<div><\/div>\n<div><em>Fonte: ANDES-SN<\/em><\/div>\n","protected":false},"excerpt":{"rendered":"<p>Atualiza\u00e7\u00e3o do Caderno 2 e Carta de Maring\u00e1 encerram os trabalhos do 56\u00ba Conad Por Renata Maffezoli Ao t\u00e9rmino de quatro dias de intenso debate sobre diversos temas, entre eles a atualiza\u00e7\u00e3o dos planos de lutas do Sindicato Nacional, os representantes de 54 se\u00e7\u00f5es sindicais do ANDES-SN votaram pela atualiza\u00e7\u00e3o do Caderno 2, documento que&hellip;<\/p>\n","protected":false},"author":3,"featured_media":0,"comment_status":"open","ping_status":"open","sticky":false,"template":"","format":"standard","meta":{"footnotes":""},"categories":[15],"tags":[164],"class_list":["post-1820","post","type-post","status-publish","format-standard","hentry","category-noticias","tag-conad","category-15","description-off"],"_links":{"self":[{"href":"https:\/\/www.adufpb.org.br\/site\/wp-json\/wp\/v2\/posts\/1820","targetHints":{"allow":["GET"]}}],"collection":[{"href":"https:\/\/www.adufpb.org.br\/site\/wp-json\/wp\/v2\/posts"}],"about":[{"href":"https:\/\/www.adufpb.org.br\/site\/wp-json\/wp\/v2\/types\/post"}],"author":[{"embeddable":true,"href":"https:\/\/www.adufpb.org.br\/site\/wp-json\/wp\/v2\/users\/3"}],"replies":[{"embeddable":true,"href":"https:\/\/www.adufpb.org.br\/site\/wp-json\/wp\/v2\/comments?post=1820"}],"version-history":[{"count":0,"href":"https:\/\/www.adufpb.org.br\/site\/wp-json\/wp\/v2\/posts\/1820\/revisions"}],"wp:attachment":[{"href":"https:\/\/www.adufpb.org.br\/site\/wp-json\/wp\/v2\/media?parent=1820"}],"wp:term":[{"taxonomy":"category","embeddable":true,"href":"https:\/\/www.adufpb.org.br\/site\/wp-json\/wp\/v2\/categories?post=1820"},{"taxonomy":"post_tag","embeddable":true,"href":"https:\/\/www.adufpb.org.br\/site\/wp-json\/wp\/v2\/tags?post=1820"}],"curies":[{"name":"wp","href":"https:\/\/api.w.org\/{rel}","templated":true}]}}