{"id":18183,"date":"2018-04-17T11:31:24","date_gmt":"2018-04-17T14:31:24","guid":{"rendered":"http:\/\/www.adufpb.org.br\/site\/?p=18183"},"modified":"2018-04-17T11:50:36","modified_gmt":"2018-04-17T14:50:36","slug":"nota-de-pesar-84","status":"publish","type":"post","link":"https:\/\/www.adufpb.org.br\/site\/nota-de-pesar-84\/","title":{"rendered":"NOTA DE PESAR"},"content":{"rendered":"<p><a href=\"http:\/\/www.adufpb.org.br\/site\/wp-content\/uploads\/2018\/04\/BELIZA.jpg\"><img loading=\"lazy\" decoding=\"async\" class=\"alignleft size-medium wp-image-18184\" alt=\"BELIZA\" src=\"http:\/\/www.adufpb.org.br\/site\/wp-content\/uploads\/2018\/04\/BELIZA-300x230.jpg\" width=\"300\" height=\"230\" srcset=\"https:\/\/www.adufpb.org.br\/site\/wp-content\/uploads\/2018\/04\/BELIZA-300x230.jpg 300w, https:\/\/www.adufpb.org.br\/site\/wp-content\/uploads\/2018\/04\/BELIZA.jpg 442w\" sizes=\"auto, (max-width: 300px) 100vw, 300px\" \/><\/a>Os que fazem a ADUFPB\/SSind v\u00eam a p\u00fablico manifestar o seu pesar pelo falecimento de\u00a0<b>BELIZA \u00c1UREA DE ARRUDA MELLO<\/b>, professora lotada no Departamento de Letras Cl\u00e1ssicas e Vern\u00e1culas (DLCV), do Centro de Ci\u00eancias Humanas, Letras e Artes(CCHLA) e sindicalizada da ADUFPB desde fevereiro de 1992.<\/p>\n<p>O corpo de\u00a0<b>Beliza<\/b>\u00a0est\u00e1 sendo velado na\u00a0<b>Morada da Paz<\/b>\u00a0(Av. Pedro II) e ser\u00e1\u00a0<b>sepultado no Cemit\u00e9rio Senhor da Boa Senten\u00e7a<\/b>, \u00e0s 15h00.<\/p>\n<p>Aos amigos e membros da fam\u00edlia, nossos sentimentos.<\/p>\n<p>&nbsp;<\/p>\n<p align=\"right\">Jo\u00e3o Pessoa, 17\u00a0de abril de 2018.<\/p>\n<p align=\"right\">Diretoria e Funcion\u00e1rios da ADUFPB<\/p>\n","protected":false},"excerpt":{"rendered":"<p>Os que fazem a ADUFPB\/SSind v\u00eam a p\u00fablico manifestar o seu pesar pelo falecimento de\u00a0BELIZA \u00c1UREA DE ARRUDA MELLO, professora lotada no Departamento de Letras Cl\u00e1ssicas e Vern\u00e1culas (DLCV), do Centro de Ci\u00eancias Humanas, Letras e Artes(CCHLA) e sindicalizada da ADUFPB desde fevereiro de 1992. O corpo de\u00a0Beliza\u00a0est\u00e1 sendo velado na\u00a0Morada da Paz\u00a0(Av. Pedro II)&hellip;<\/p>\n","protected":false},"author":4,"featured_media":0,"comment_status":"closed","ping_status":"closed","sticky":false,"template":"","format":"standard","meta":{"footnotes":""},"categories":[15],"tags":[],"class_list":["post-18183","post","type-post","status-publish","format-standard","hentry","category-noticias","category-15","description-off"],"_links":{"self":[{"href":"https:\/\/www.adufpb.org.br\/site\/wp-json\/wp\/v2\/posts\/18183","targetHints":{"allow":["GET"]}}],"collection":[{"href":"https:\/\/www.adufpb.org.br\/site\/wp-json\/wp\/v2\/posts"}],"about":[{"href":"https:\/\/www.adufpb.org.br\/site\/wp-json\/wp\/v2\/types\/post"}],"author":[{"embeddable":true,"href":"https:\/\/www.adufpb.org.br\/site\/wp-json\/wp\/v2\/users\/4"}],"replies":[{"embeddable":true,"href":"https:\/\/www.adufpb.org.br\/site\/wp-json\/wp\/v2\/comments?post=18183"}],"version-history":[{"count":4,"href":"https:\/\/www.adufpb.org.br\/site\/wp-json\/wp\/v2\/posts\/18183\/revisions"}],"predecessor-version":[{"id":18188,"href":"https:\/\/www.adufpb.org.br\/site\/wp-json\/wp\/v2\/posts\/18183\/revisions\/18188"}],"wp:attachment":[{"href":"https:\/\/www.adufpb.org.br\/site\/wp-json\/wp\/v2\/media?parent=18183"}],"wp:term":[{"taxonomy":"category","embeddable":true,"href":"https:\/\/www.adufpb.org.br\/site\/wp-json\/wp\/v2\/categories?post=18183"},{"taxonomy":"post_tag","embeddable":true,"href":"https:\/\/www.adufpb.org.br\/site\/wp-json\/wp\/v2\/tags?post=18183"}],"curies":[{"name":"wp","href":"https:\/\/api.w.org\/{rel}","templated":true}]}}