{"id":1816,"date":"2011-07-20T12:11:00","date_gmt":"2011-07-20T16:11:00","guid":{"rendered":"http:\/\/www.adufpb.org.br\/site\/56%c2%ba-conad-manifesta-apoio-a-greve-da-fasubra\/"},"modified":"2011-07-20T12:11:00","modified_gmt":"2011-07-20T16:11:00","slug":"56%c2%ba-conad-manifesta-apoio-a-greve-da-fasubra","status":"publish","type":"post","link":"https:\/\/www.adufpb.org.br\/site\/56%c2%ba-conad-manifesta-apoio-a-greve-da-fasubra\/","title":{"rendered":"56\u00ba Conad manifesta apoio \u00e0 greve da Fasubra"},"content":{"rendered":"<div id=\"_mcePaste\" style=\"position: absolute; left: -10000px; top: 0px; width: 1px; height: 1px; overflow-x: hidden; overflow-y: hidden;\">56\u00ba Conad manifesta apoio \u00e0 greve da Fasubra<\/div>\n<div id=\"_mcePaste\" style=\"position: absolute; left: -10000px; top: 0px; width: 1px; height: 1px; overflow-x: hidden; overflow-y: hidden;\">Por Renata Maffezoli<\/div>\n<div id=\"_mcePaste\" style=\"position: absolute; left: -10000px; top: 0px; width: 1px; height: 1px; overflow-x: hidden; overflow-y: hidden;\">ANDES-SN<\/div>\n<div id=\"_mcePaste\" style=\"position: absolute; left: -10000px; top: 0px; width: 1px; height: 1px; overflow-x: hidden; overflow-y: hidden;\">Os delegados do 56\u00ba aprovaram uma mo\u00e7\u00e3o na qual manifestam seu apoio e solidariedade aos \u00e0 greve dos trabalhadores t\u00e9cnicos e administrativos das Insititui\u00e7\u00f5es Federais de Ensino Superior (Ifes), organizados na Federa\u00e7\u00e3o dos Sindicatos dos Trabalhadores em Educa\u00e7\u00e3o das Universidades Brasileiras \u2013 Fasubra Sindical.<\/div>\n<div id=\"_mcePaste\" style=\"position: absolute; left: -10000px; top: 0px; width: 1px; height: 1px; overflow-x: hidden; overflow-y: hidden;\">Os docentes consideram que as reivindica\u00e7\u00f5es da Fasubra \u2013 Sindical fazem parte \u201cdo processo mais amplo de defesa da universidade e da educa\u00e7\u00e3o p\u00fablica, gratuita, de qualidade e laica\u201d.<\/div>\n<div id=\"_mcePaste\" style=\"position: absolute; left: -10000px; top: 0px; width: 1px; height: 1px; overflow-x: hidden; overflow-y: hidden;\">Os trabalhadores t\u00e9cnico administrativos das Ifes est\u00e3o em greve desde 6 de junho, ap\u00f3s \u00a0constatar que vinham sendo infrut\u00edferas todas as tentativas de interlocu\u00e7\u00e3o com o governo buscadas, desde o in\u00edcio do ano, com o Minist\u00e9rio da Educa\u00e7\u00e3o e com o Minist\u00e9rio do Planejamento.<\/div>\n<div id=\"_mcePaste\" style=\"position: absolute; left: -10000px; top: 0px; width: 1px; height: 1px; overflow-x: hidden; overflow-y: hidden;\">No mesmo sentido o movimento docente reafirmou na mo\u00e7\u00e3o a disposi\u00e7\u00e3o de luta no combate \u00e0s pol\u00edticas de desmonte da educa\u00e7\u00e3o, privatiza\u00e7\u00e3o dos hospitais universit\u00e1rios e precariza\u00e7\u00e3o das condi\u00e7\u00f5es de trabalho implementadas pelo governo federal.<\/div>\n<div id=\"_mcePaste\" style=\"position: absolute; left: -10000px; top: 0px; width: 1px; height: 1px; overflow-x: hidden; overflow-y: hidden;\">Fonte: ANDES-SN<\/div>\n<p><em>Por Renata Maffezoli<\/em><\/p>\n<p><em>ANDES-SN<\/em><\/p>\n<p>Os delegados do 56\u00ba aprovaram uma mo\u00e7\u00e3o na qual manifestam seu apoio e solidariedade aos \u00e0 greve dos trabalhadores t\u00e9cnicos e administrativos das Insititui\u00e7\u00f5es Federais de Ensino Superior (Ifes), organizados na Federa\u00e7\u00e3o dos Sindicatos dos Trabalhadores em Educa\u00e7\u00e3o das Universidades Brasileiras \u2013 Fasubra Sindical.<\/p>\n<p>Os docentes consideram que as reivindica\u00e7\u00f5es da Fasubra \u2013 Sindical fazem parte \u201cdo processo mais amplo de defesa da universidade e da educa\u00e7\u00e3o p\u00fablica, gratuita, de qualidade e laica\u201d.<\/p>\n<p>Os trabalhadores t\u00e9cnico administrativos das Ifes est\u00e3o em greve desde 6 de junho, ap\u00f3s \u00a0constatar que vinham sendo infrut\u00edferas todas as tentativas de interlocu\u00e7\u00e3o com o governo buscadas, desde o in\u00edcio do ano, com o Minist\u00e9rio da Educa\u00e7\u00e3o e com o Minist\u00e9rio do Planejamento.<\/p>\n<p>No mesmo sentido o movimento docente reafirmou na mo\u00e7\u00e3o a disposi\u00e7\u00e3o de luta no combate \u00e0s pol\u00edticas de desmonte da educa\u00e7\u00e3o, privatiza\u00e7\u00e3o dos hospitais universit\u00e1rios e precariza\u00e7\u00e3o das condi\u00e7\u00f5es de trabalho implementadas pelo governo federal.<\/p>\n<p><em>Fonte: ANDES-SN<\/em><\/p>\n","protected":false},"excerpt":{"rendered":"<p>56\u00ba Conad manifesta apoio \u00e0 greve da Fasubra Por Renata Maffezoli ANDES-SN Os delegados do 56\u00ba aprovaram uma mo\u00e7\u00e3o na qual manifestam seu apoio e solidariedade aos \u00e0 greve dos trabalhadores t\u00e9cnicos e administrativos das Insititui\u00e7\u00f5es Federais de Ensino Superior (Ifes), organizados na Federa\u00e7\u00e3o dos Sindicatos dos Trabalhadores em Educa\u00e7\u00e3o das Universidades Brasileiras \u2013 Fasubra&hellip;<\/p>\n","protected":false},"author":3,"featured_media":0,"comment_status":"open","ping_status":"open","sticky":false,"template":"","format":"standard","meta":{"footnotes":""},"categories":[15],"tags":[164],"class_list":["post-1816","post","type-post","status-publish","format-standard","hentry","category-noticias","tag-conad","category-15","description-off"],"_links":{"self":[{"href":"https:\/\/www.adufpb.org.br\/site\/wp-json\/wp\/v2\/posts\/1816","targetHints":{"allow":["GET"]}}],"collection":[{"href":"https:\/\/www.adufpb.org.br\/site\/wp-json\/wp\/v2\/posts"}],"about":[{"href":"https:\/\/www.adufpb.org.br\/site\/wp-json\/wp\/v2\/types\/post"}],"author":[{"embeddable":true,"href":"https:\/\/www.adufpb.org.br\/site\/wp-json\/wp\/v2\/users\/3"}],"replies":[{"embeddable":true,"href":"https:\/\/www.adufpb.org.br\/site\/wp-json\/wp\/v2\/comments?post=1816"}],"version-history":[{"count":0,"href":"https:\/\/www.adufpb.org.br\/site\/wp-json\/wp\/v2\/posts\/1816\/revisions"}],"wp:attachment":[{"href":"https:\/\/www.adufpb.org.br\/site\/wp-json\/wp\/v2\/media?parent=1816"}],"wp:term":[{"taxonomy":"category","embeddable":true,"href":"https:\/\/www.adufpb.org.br\/site\/wp-json\/wp\/v2\/categories?post=1816"},{"taxonomy":"post_tag","embeddable":true,"href":"https:\/\/www.adufpb.org.br\/site\/wp-json\/wp\/v2\/tags?post=1816"}],"curies":[{"name":"wp","href":"https:\/\/api.w.org\/{rel}","templated":true}]}}