{"id":18143,"date":"2018-04-03T17:25:53","date_gmt":"2018-04-03T20:25:53","guid":{"rendered":"http:\/\/www.adufpb.org.br\/site\/?p=18143"},"modified":"2018-04-03T17:26:43","modified_gmt":"2018-04-03T20:26:43","slug":"programe-se-com-os-eventos-da-adufpb","status":"publish","type":"post","link":"https:\/\/www.adufpb.org.br\/site\/programe-se-com-os-eventos-da-adufpb\/","title":{"rendered":"Programe-se com os eventos da ADUFPB!"},"content":{"rendered":"<p><a href=\"http:\/\/www.adufpb.org.br\/site\/wp-content\/uploads\/2018\/04\/WhatsApp-Image-2018-04-02-at-17.46.00.jpeg\"><img loading=\"lazy\" decoding=\"async\" class=\"aligncenter size-large wp-image-18144\" alt=\"WhatsApp Image 2018-04-02 at 17.46.00\" src=\"http:\/\/www.adufpb.org.br\/site\/wp-content\/uploads\/2018\/04\/WhatsApp-Image-2018-04-02-at-17.46.00-1024x236.jpeg\" width=\"1024\" height=\"236\" srcset=\"https:\/\/www.adufpb.org.br\/site\/wp-content\/uploads\/2018\/04\/WhatsApp-Image-2018-04-02-at-17.46.00-1024x236.jpeg 1024w, https:\/\/www.adufpb.org.br\/site\/wp-content\/uploads\/2018\/04\/WhatsApp-Image-2018-04-02-at-17.46.00-300x69.jpeg 300w, https:\/\/www.adufpb.org.br\/site\/wp-content\/uploads\/2018\/04\/WhatsApp-Image-2018-04-02-at-17.46.00.jpeg 1280w\" sizes=\"auto, (max-width: 1024px) 100vw, 1024px\" \/><\/a><br \/>\nConfira abaixo os eventos que ser\u00e3o promovidos ou ter\u00e3o apoio da ADUFPB nos pr\u00f3ximos dias!<\/p>\n<p><strong>5 de abril<\/strong><br \/>\nA ADUFPB convoca os(as) professores (as) que est\u00e3o no <strong>\u201cgrupo dos sobrestados\u201d no processo dos 28,86%<\/strong>, em tramita\u00e7\u00e3o na Justi\u00e7a Federal do Rio Grande do Sul, para participarem de reuni\u00e3o com a diretoria da entidade e com a Comiss\u00e3o de Acompanhamento Jur\u00eddico da ADUFPB para discutirem quest\u00f5es relativas ao encaminhamento do processo e tirarem suas d\u00favidas. A atividade ocorrer\u00e1 a partir das 15h, na Sala de Leitura do sindicato, na sede do Centro de Viv\u00eancia, no Campus I da UFPB.<\/p>\n<p><a href=\"http:\/\/www.adufpb.org.br\/site\/adufpb-convoca-professores-do-grupo-de-sobrestados-para-reuniao-sobre-os-2886\/\" target=\"_blank\">Clique aqui para ler mais sobre isso.<\/a><\/p>\n<p><strong>13 de abril<\/strong><br \/>\nO escritor, tradutor, jornalista, professor universit\u00e1rio e pesquisador do Programa de P\u00f3s-Gradua\u00e7\u00e3o em Comunica\u00e7\u00e3o da PUC-RS, Juremir Machado da Silva, ser\u00e1 o palestrante da primeira edi\u00e7\u00e3o do<strong> projeto Realidade Brasileira e Universidade<\/strong> organizado e promovido pela ADUFPB, que acontecer\u00e1 no dia 13 de abril, no Campus I da UFPB, em Jo\u00e3o Pessoa, \u00e0s 9h no Audit\u00f3rio da Reitoria.<\/p>\n<p><a href=\"http:\/\/www.adufpb.org.br\/site\/projeto-realidade-brasileira-e-universidade-traz-juremir-machado-a-ufpb\/\" target=\"_blank\">Clique aqui para ler mais sobre isso.<\/a><\/p>\n<p><strong>20 de abril<\/strong><br \/>\nOs professores filiados \u00e0 ADUFPB j\u00e1 podem inscrever artigos e ensaios para a<strong> 26\u00aa edi\u00e7\u00e3o da Revista Conceitos<\/strong>, publica\u00e7\u00e3o multidisciplinar editada se\u00e7\u00e3o sindical com o objetivo de divulgar a produ\u00e7\u00e3o acad\u00eamica dos docentes da Universidade Federal da Para\u00edba. Os trabalhos devem ser enviados at\u00e9 o dia 20 de abril, exclusivamente pelo site da ADUFPB, no formul\u00e1rio de inscri\u00e7\u00e3o digital dispon\u00edvel na p\u00e1gina do sindicato na Internet.\u00a0 Ser\u00e3o aceitos exclusivamente trabalhos com no m\u00ednimo 10 e no m\u00e1ximo 15 laudas, incluindo resumo, palavras-chaves, abstract, refer\u00eancias bibliogr\u00e1ficas, notas, ilustra\u00e7\u00f5es gr\u00e1ficas ou fotografias.<\/p>\n<p><a href=\"http:\/\/www.adufpb.org.br\/site\/revista-conceitos-abre-inscricoes-de-artigos-e-ensaios-para-26o-edicao\/\" target=\"_blank\">Clique aqui para ler mais sobre isso.<\/a><\/p>\n<p><strong>25 de abril<\/strong><br \/>\nO <strong>projeto \u201cRealidade Brasileira e Universidade\u201d<\/strong> com o tema \u201cRio de Janeiro-Brasil sob Interven\u00e7\u00e3o: Democracia, Estado e Crise\u201d ter\u00e1 uma s\u00e9rie de palestras e debates realizados pela ADUFPB nos quatro campi de atua\u00e7\u00e3o do sindicato (Jo\u00e3o Pessoa, Areia, Bananeiras e Litoral Norte), a partir do dia 3 de abril (em Areia\u00a0 e Bananeiras), dia 11\/04 (no Litoral Norte) e no dia 25\/04 (em Jo\u00e3o Pessoa), e t\u00eam como palestrantes e mediadores professores da Universidade Federal da Para\u00edba (UFPB), membros da diretoria da ADUFPB e convidados.<\/p>\n<p><a href=\"http:\/\/www.adufpb.org.br\/site\/adufpb-promove-ciclo-de-debates-sobre-intervencao-federal-no-rio-de-janeiro\/\" target=\"_blank\">Clique aqui para ler mais sobre isso.<\/a><\/p>\n","protected":false},"excerpt":{"rendered":"<p>Confira abaixo os eventos que ser\u00e3o promovidos ou ter\u00e3o apoio da ADUFPB nos pr\u00f3ximos dias! 5 de abril A ADUFPB convoca os(as) professores (as) que est\u00e3o no \u201cgrupo dos sobrestados\u201d no processo dos 28,86%, em tramita\u00e7\u00e3o na Justi\u00e7a Federal do Rio Grande do Sul, para participarem de reuni\u00e3o com a diretoria da entidade e com&hellip;<\/p>\n","protected":false},"author":8,"featured_media":0,"comment_status":"closed","ping_status":"closed","sticky":false,"template":"","format":"standard","meta":{"footnotes":""},"categories":[15],"tags":[],"class_list":["post-18143","post","type-post","status-publish","format-standard","hentry","category-noticias","category-15","description-off"],"_links":{"self":[{"href":"https:\/\/www.adufpb.org.br\/site\/wp-json\/wp\/v2\/posts\/18143","targetHints":{"allow":["GET"]}}],"collection":[{"href":"https:\/\/www.adufpb.org.br\/site\/wp-json\/wp\/v2\/posts"}],"about":[{"href":"https:\/\/www.adufpb.org.br\/site\/wp-json\/wp\/v2\/types\/post"}],"author":[{"embeddable":true,"href":"https:\/\/www.adufpb.org.br\/site\/wp-json\/wp\/v2\/users\/8"}],"replies":[{"embeddable":true,"href":"https:\/\/www.adufpb.org.br\/site\/wp-json\/wp\/v2\/comments?post=18143"}],"version-history":[{"count":1,"href":"https:\/\/www.adufpb.org.br\/site\/wp-json\/wp\/v2\/posts\/18143\/revisions"}],"predecessor-version":[{"id":18145,"href":"https:\/\/www.adufpb.org.br\/site\/wp-json\/wp\/v2\/posts\/18143\/revisions\/18145"}],"wp:attachment":[{"href":"https:\/\/www.adufpb.org.br\/site\/wp-json\/wp\/v2\/media?parent=18143"}],"wp:term":[{"taxonomy":"category","embeddable":true,"href":"https:\/\/www.adufpb.org.br\/site\/wp-json\/wp\/v2\/categories?post=18143"},{"taxonomy":"post_tag","embeddable":true,"href":"https:\/\/www.adufpb.org.br\/site\/wp-json\/wp\/v2\/tags?post=18143"}],"curies":[{"name":"wp","href":"https:\/\/api.w.org\/{rel}","templated":true}]}}