{"id":18099,"date":"2018-03-20T18:03:50","date_gmt":"2018-03-20T21:03:50","guid":{"rendered":"http:\/\/www.adufpb.org.br\/site\/?p=18099"},"modified":"2018-03-20T18:03:50","modified_gmt":"2018-03-20T21:03:50","slug":"documentario-1917-a-greve-geral-sera-lancado-na-paraiba-com-presenca-do-diretor","status":"publish","type":"post","link":"https:\/\/www.adufpb.org.br\/site\/documentario-1917-a-greve-geral-sera-lancado-na-paraiba-com-presenca-do-diretor\/","title":{"rendered":"Document\u00e1rio &#8220;1917 A Greve Geral&#8221; ser\u00e1 lan\u00e7ado na Para\u00edba com presen\u00e7a do diretor"},"content":{"rendered":"<p dir=\"ltr\">O document\u00e1rio \u201c1917 A Greve Geral\u201d, do cineasta argentino Carlos Pronzato, ser\u00e1 lan\u00e7ado na Para\u00edba na pr\u00f3xima sexta, 22\/03, em uma exibi\u00e7\u00e3o, gratuita no Cine Aruanda (CCTA\/UFPB), \u00e0s 16h30.<\/p>\n<p dir=\"ltr\">Pronzato \u00e9 autor de uma numerosa obra, incluindo filmes como &#8220;A Rebeli\u00e3o dos Pinguins&#8221;, &#8220;A Guerra da \u00c1gua&#8221;, &#8220;A Escola Toma Partido&#8221; e estar\u00e1 presente para um debate ap\u00f3s o filme, que tamb\u00e9m vai contar com a presen\u00e7a do historiador Tiago Bernardon, professor da UFPB e um dos maiores pesquisadores do tema.<\/p>\n<p dir=\"ltr\">A Para\u00edba ser\u00e1 o primeiro estado fora do Sudeste a ter o lan\u00e7amento do filme. A atividade faz parte do projeto de extens\u00e3o Cineclube Soy Loco Por Ti America, coordenado pelo professor Daniel Antiquera, do Departamento de Rela\u00e7\u00f5es Internacionais da UFPB.<\/p>\n<p dir=\"ltr\">Mais informa\u00e7\u00f5es com Daniel Antiquera (83 996447038)<\/p>\n<p dir=\"ltr\"><a href=\"https:\/\/pt-br.facebook.com\/events\/1863946360563982\/\">https:\/\/pt-br.facebook.com\/events\/1863946360563982\/<\/a><\/p>\n<p dir=\"ltr\"><em>FONTE: ASCOM ADUFPB<\/em><\/p>\n","protected":false},"excerpt":{"rendered":"<p>O document\u00e1rio \u201c1917 A Greve Geral\u201d, do cineasta argentino Carlos Pronzato, ser\u00e1 lan\u00e7ado na Para\u00edba na pr\u00f3xima sexta, 22\/03, em uma exibi\u00e7\u00e3o, gratuita no Cine Aruanda (CCTA\/UFPB), \u00e0s 16h30. Pronzato \u00e9 autor de uma numerosa obra, incluindo filmes como &#8220;A Rebeli\u00e3o dos Pinguins&#8221;, &#8220;A Guerra da \u00c1gua&#8221;, &#8220;A Escola Toma Partido&#8221; e estar\u00e1 presente para&hellip;<\/p>\n","protected":false},"author":8,"featured_media":18100,"comment_status":"closed","ping_status":"closed","sticky":false,"template":"","format":"standard","meta":{"footnotes":""},"categories":[15],"tags":[665],"class_list":["post-18099","post","type-post","status-publish","format-standard","has-post-thumbnail","hentry","category-noticias","tag-documentario","category-15","description-off"],"_links":{"self":[{"href":"https:\/\/www.adufpb.org.br\/site\/wp-json\/wp\/v2\/posts\/18099","targetHints":{"allow":["GET"]}}],"collection":[{"href":"https:\/\/www.adufpb.org.br\/site\/wp-json\/wp\/v2\/posts"}],"about":[{"href":"https:\/\/www.adufpb.org.br\/site\/wp-json\/wp\/v2\/types\/post"}],"author":[{"embeddable":true,"href":"https:\/\/www.adufpb.org.br\/site\/wp-json\/wp\/v2\/users\/8"}],"replies":[{"embeddable":true,"href":"https:\/\/www.adufpb.org.br\/site\/wp-json\/wp\/v2\/comments?post=18099"}],"version-history":[{"count":1,"href":"https:\/\/www.adufpb.org.br\/site\/wp-json\/wp\/v2\/posts\/18099\/revisions"}],"predecessor-version":[{"id":18101,"href":"https:\/\/www.adufpb.org.br\/site\/wp-json\/wp\/v2\/posts\/18099\/revisions\/18101"}],"wp:featuredmedia":[{"embeddable":true,"href":"https:\/\/www.adufpb.org.br\/site\/wp-json\/wp\/v2\/media\/18100"}],"wp:attachment":[{"href":"https:\/\/www.adufpb.org.br\/site\/wp-json\/wp\/v2\/media?parent=18099"}],"wp:term":[{"taxonomy":"category","embeddable":true,"href":"https:\/\/www.adufpb.org.br\/site\/wp-json\/wp\/v2\/categories?post=18099"},{"taxonomy":"post_tag","embeddable":true,"href":"https:\/\/www.adufpb.org.br\/site\/wp-json\/wp\/v2\/tags?post=18099"}],"curies":[{"name":"wp","href":"https:\/\/api.w.org\/{rel}","templated":true}]}}