{"id":18096,"date":"2018-03-22T14:54:50","date_gmt":"2018-03-22T17:54:50","guid":{"rendered":"http:\/\/www.adufpb.org.br\/site\/?p=18096"},"modified":"2018-03-22T14:54:50","modified_gmt":"2018-03-22T17:54:50","slug":"projeto-realidade-brasileira-e-universidade-traz-juremir-machado-a-ufpb","status":"publish","type":"post","link":"https:\/\/www.adufpb.org.br\/site\/projeto-realidade-brasileira-e-universidade-traz-juremir-machado-a-ufpb\/","title":{"rendered":"Projeto Realidade Brasileira e Universidade traz Juremir Machado \u00e0 UFPB"},"content":{"rendered":"<p>O escritor, tradutor, jornalista, professor universit\u00e1rio e pesquisador do Programa de P\u00f3s-Gradua\u00e7\u00e3o em Comunica\u00e7\u00e3o da PUC-RS, Juremir Machado da Silva, ser\u00e1 o palestrante da primeira edi\u00e7\u00e3o do projeto Realidade Brasileira e Universidade, organizado e promovido pela ADUFPB, que acontecer\u00e1 no dia 13 de abril, no Campus I da UFPB, em Jo\u00e3o Pessoa, \u00e0s 9h no Audit\u00f3rio da Reitoria.<\/p>\n<p>A proposta do projeto Realidade Brasileira e Universidade \u00e9 discutir temas da atualidade que impactam diretamente o ensino superior brasileiro. Ao longo do ano de 2017, a ADUFPB realizou nove edi\u00e7\u00f5es do Realidade Brasileira e Universidade, trazendo personalidades de destaque no cen\u00e1rio social, pol\u00edtico, econ\u00f4mico e universit\u00e1rio, entre elas a educadora e historiadora Nita Freire;\u00a0o economista Pl\u00ednio de Arruda Sampaio J\u00fanior; a professora da UFRJ, Lena Lavinas, que \u00e9 membro do Comit\u00ea Cient\u00edfico da C\u00e1tedra Bernard Maris, da Unesco; e o ex-deputado federal e professor da Universidade Federal de Pernambuco (UFPE), Paulo Rubem Santiago.<\/p>\n<p>O tema da palestra desta primeira edi\u00e7\u00e3o de 2018 ser\u00e1 \u201c<strong>Ler o passado para compreender o presente<\/strong>\u201d. Para debater sobre o tema, foram convidados os professores Cristiano Bonneau, do Centro de Ci\u00eancias Sociais Aplicadas e Educa\u00e7\u00e3o do campus IV, e Tiago Bernardon, do Departamento de Hist\u00f3ria do Centro de Ci\u00eancias Humanas, Letras e Artes (CCHLA), ambos da Universidade Federal da Para\u00edba.<\/p>\n<p><b>Sobre o palestrante<\/b><\/p>\n<p>Juremir Machado graduou-se em Hist\u00f3ria (bacharelado e licenciatura) e em Jornalismo pela PUCRS, onde tamb\u00e9m fez Especializa\u00e7\u00e3o em Estilos Jornal\u00edsticos. Passou pela Faculdade de Direito da UFRGS, onde tamb\u00e9m chegou a cursar os cr\u00e9ditos do mestrado em Antropologia. Obteve o Diploma de Estudos Aprofundados e o Doutorado em Sociologia na Universidade Paris Descartes (Paris-V), onde tamb\u00e9m fez p\u00f3s-doutorado.<\/p>\n<p><b>Jornalista, escritor e pesquisador<\/b><\/p>\n<p>Como jornalista, Juremir Machado foi correspondente internacional do jornal Zero Hora em Paris, trabalhou na revista Isto\u00c9 e colaborou com o jornal Folha de S. Paulo. Atua como colunista do jornal Correio do Povo desde o ano 2000. Tem 27 livros individuais publicados, entre os quais &#8216;Get\u00falio&#8217;, &#8216;1930, \u00e1guas da revolu\u00e7\u00e3o&#8217;, &#8216;Solo&#8217;, &#8216;Vozes da Legalidade e Hist\u00f3ria regional da inf\u00e2mia&#8217;, &#8216;O destino dos negros farrapos e outras iniquidades brasileiras&#8217;. Apresenta diariamente, ao lado de Taline Oppitz, o programa Esfera P\u00fablica, das 13h \u00e0s 14 h, na R\u00e1dio Gua\u00edba de Porto Alegre\/RS. Como professor e pesquisador<b>, <\/b>coordena o Programa de P\u00f3s-Gradua\u00e7\u00e3o em Comunica\u00e7\u00e3o da PUC-RS.<\/p>\n<p><strong><span style=\"text-decoration: underline;\">AGENDE-SE<\/span><\/strong><br \/>\n<strong>Projeto Realidade Brasileira e Universidade<\/strong><br \/>\n<strong>Tema:<\/strong>\u00a0Ler o passado para compreender o presente<br \/>\n<strong>Palestrante:<\/strong>\u00a0Juremir Machado da Silva (PUC-RS)<br \/>\n<strong>Debatedores:<\/strong>\u00a0Cristiano Bonneau (UFPB) e Tiago Bernardon (UFPB)<br \/>\n<strong>Data:<\/strong>\u00a013\/04\/2018<br \/>\n<strong>Hor\u00e1rio:<\/strong>\u00a09h<br \/>\n<strong>Local:<\/strong>\u00a0Campus I da UFPB, Audit\u00f3rio da Reitoria<\/p>\n<p><b>Entrada Gratuita<\/b><\/p>\n<p dir=\"ltr\" id=\"docs-internal-guid-320b9fe4-4474-6a78-a918-ae79918407cc\"><em>Fonte: Ascom ADUFPB<\/em><\/p>\n","protected":false},"excerpt":{"rendered":"<p>O escritor, tradutor, jornalista, professor universit\u00e1rio e pesquisador do Programa de P\u00f3s-Gradua\u00e7\u00e3o em Comunica\u00e7\u00e3o da PUC-RS, Juremir Machado da Silva, ser\u00e1 o palestrante da primeira edi\u00e7\u00e3o do projeto Realidade Brasileira e Universidade, organizado e promovido pela ADUFPB, que acontecer\u00e1 no dia 13 de abril, no Campus I da UFPB, em Jo\u00e3o Pessoa, \u00e0s 9h no&hellip;<\/p>\n","protected":false},"author":8,"featured_media":18104,"comment_status":"closed","ping_status":"closed","sticky":false,"template":"","format":"standard","meta":{"footnotes":""},"categories":[1,15,417],"tags":[],"class_list":["post-18096","post","type-post","status-publish","format-standard","has-post-thumbnail","hentry","category-agenda","category-noticias","category-noticias-destaque","category-1","category-15","category-417","description-off"],"_links":{"self":[{"href":"https:\/\/www.adufpb.org.br\/site\/wp-json\/wp\/v2\/posts\/18096","targetHints":{"allow":["GET"]}}],"collection":[{"href":"https:\/\/www.adufpb.org.br\/site\/wp-json\/wp\/v2\/posts"}],"about":[{"href":"https:\/\/www.adufpb.org.br\/site\/wp-json\/wp\/v2\/types\/post"}],"author":[{"embeddable":true,"href":"https:\/\/www.adufpb.org.br\/site\/wp-json\/wp\/v2\/users\/8"}],"replies":[{"embeddable":true,"href":"https:\/\/www.adufpb.org.br\/site\/wp-json\/wp\/v2\/comments?post=18096"}],"version-history":[{"count":4,"href":"https:\/\/www.adufpb.org.br\/site\/wp-json\/wp\/v2\/posts\/18096\/revisions"}],"predecessor-version":[{"id":18105,"href":"https:\/\/www.adufpb.org.br\/site\/wp-json\/wp\/v2\/posts\/18096\/revisions\/18105"}],"wp:featuredmedia":[{"embeddable":true,"href":"https:\/\/www.adufpb.org.br\/site\/wp-json\/wp\/v2\/media\/18104"}],"wp:attachment":[{"href":"https:\/\/www.adufpb.org.br\/site\/wp-json\/wp\/v2\/media?parent=18096"}],"wp:term":[{"taxonomy":"category","embeddable":true,"href":"https:\/\/www.adufpb.org.br\/site\/wp-json\/wp\/v2\/categories?post=18096"},{"taxonomy":"post_tag","embeddable":true,"href":"https:\/\/www.adufpb.org.br\/site\/wp-json\/wp\/v2\/tags?post=18096"}],"curies":[{"name":"wp","href":"https:\/\/api.w.org\/{rel}","templated":true}]}}