{"id":18080,"date":"2018-03-16T08:07:49","date_gmt":"2018-03-16T11:07:49","guid":{"rendered":"http:\/\/www.adufpb.org.br\/site\/?p=18080"},"modified":"2018-03-16T08:07:49","modified_gmt":"2018-03-16T11:07:49","slug":"nota-publica-da-adufpb-marielle-franco-e-anderson-pedro-presente-presente-presente","status":"publish","type":"post","link":"https:\/\/www.adufpb.org.br\/site\/nota-publica-da-adufpb-marielle-franco-e-anderson-pedro-presente-presente-presente\/","title":{"rendered":"NOTA P\u00daBLICA DA ADUFPB &#8211; MARIELLE FRANCO E ANDERSON PEDRO, PRESENTE! PRESENTE! PRESENTE!"},"content":{"rendered":"<p>A Diretoria da ADUFPB vem a p\u00fablico manifestar sua solidariedade aos familiares, amigas(os) e companheiras(os) de milit\u00e2ncia de Marielle Franco e Anderson Pedro, v\u00edtimas de mais um brutal assassinato. Os sentimentos de consterna\u00e7\u00e3o e indigna\u00e7\u00e3o tomam conta de todo pa\u00eds, pois a not\u00edcia do exterm\u00ednio de Marielle Franco e de Anderson Pedro, que estava ao seu lado no momento em que tudo aconteceu, tem exposto as feridas de uma sociedade profundamente desigual e do Estado de exce\u00e7\u00e3o que estamos vivenciando no pa\u00eds.<\/p>\n<p>A milit\u00e2ncia, o compromisso com a defesa dos direitos e as den\u00fancias sobre a viol\u00eancia e as viola\u00e7\u00f5es dos direitos humanos faziam parte do cotidiano de Marielle Franco. Recentemente, como vereadora do Psol no Rio de Janeiro, assumiu a Comiss\u00e3o que acompanha a Interven\u00e7\u00e3o Militar, imposta pelo governo Temer, com a tarefa de fiscalizar poss\u00edveis abusos praticados pelo poder p\u00fablico, visitar os territ\u00f3rios ocupados, escutando e colhendo testemunhos de viola\u00e7\u00f5es dos direitos humanos. Essa frente de atua\u00e7\u00e3o, associada \u00e0s lutas que vinha protagonizando denunciando e combatendo as mil\u00edcias, a corrup\u00e7\u00e3o, a viol\u00eancia policial e o crime organizado resultou no seu brutal assassinato.<\/p>\n<p>Claramente estamos diante de mais um crime pol\u00edtico, na tentativa de intimidar e calar aqueles que militam na defesa dos direitos em geral e, particularmente, dos direitos humanos.<\/p>\n<p>Em mem\u00f3ria daqueles que tombaram na luta por justi\u00e7a e na defesa dos direitos, continuaremos denunciando e lutando contra as injusti\u00e7as, a explora\u00e7\u00e3o, as opress\u00f5es e as mais variadas formas de viol\u00eancia.<\/p>\n<p>Aos covardes que ceifaram a vida de Marielle e Anderson, responderemos com a coragem que marcou a milit\u00e2ncia de Marielle: N\u00e3o nos Calaremos!<\/p>\n<p><strong>Marielle Franco, Presente!<\/strong><\/p>\n<p><strong>Anderson Pedro, Presente!<\/strong><\/p>\n<p align=\"center\">Jo\u00e3o Pessoa, 15 de mar\u00e7o de 2018.<\/p>\n<p align=\"center\">\u00a0Diretoria Executiva da ADUFPB<\/p>\n<p align=\"center\">\n<p style=\"text-align: left;\" align=\"center\"><em>FONTE: DIRETORIA DA ADUFPB<\/em><\/p>\n","protected":false},"excerpt":{"rendered":"<p>A Diretoria da ADUFPB vem a p\u00fablico manifestar sua solidariedade aos familiares, amigas(os) e companheiras(os) de milit\u00e2ncia de Marielle Franco e Anderson Pedro, v\u00edtimas de mais um brutal assassinato. Os sentimentos de consterna\u00e7\u00e3o e indigna\u00e7\u00e3o tomam conta de todo pa\u00eds, pois a not\u00edcia do exterm\u00ednio de Marielle Franco e de Anderson Pedro, que estava ao&hellip;<\/p>\n","protected":false},"author":8,"featured_media":18081,"comment_status":"closed","ping_status":"closed","sticky":false,"template":"","format":"standard","meta":{"footnotes":""},"categories":[15],"tags":[57],"class_list":["post-18080","post","type-post","status-publish","format-standard","has-post-thumbnail","hentry","category-noticias","tag-eventos","category-15","description-off"],"_links":{"self":[{"href":"https:\/\/www.adufpb.org.br\/site\/wp-json\/wp\/v2\/posts\/18080","targetHints":{"allow":["GET"]}}],"collection":[{"href":"https:\/\/www.adufpb.org.br\/site\/wp-json\/wp\/v2\/posts"}],"about":[{"href":"https:\/\/www.adufpb.org.br\/site\/wp-json\/wp\/v2\/types\/post"}],"author":[{"embeddable":true,"href":"https:\/\/www.adufpb.org.br\/site\/wp-json\/wp\/v2\/users\/8"}],"replies":[{"embeddable":true,"href":"https:\/\/www.adufpb.org.br\/site\/wp-json\/wp\/v2\/comments?post=18080"}],"version-history":[{"count":2,"href":"https:\/\/www.adufpb.org.br\/site\/wp-json\/wp\/v2\/posts\/18080\/revisions"}],"predecessor-version":[{"id":18083,"href":"https:\/\/www.adufpb.org.br\/site\/wp-json\/wp\/v2\/posts\/18080\/revisions\/18083"}],"wp:featuredmedia":[{"embeddable":true,"href":"https:\/\/www.adufpb.org.br\/site\/wp-json\/wp\/v2\/media\/18081"}],"wp:attachment":[{"href":"https:\/\/www.adufpb.org.br\/site\/wp-json\/wp\/v2\/media?parent=18080"}],"wp:term":[{"taxonomy":"category","embeddable":true,"href":"https:\/\/www.adufpb.org.br\/site\/wp-json\/wp\/v2\/categories?post=18080"},{"taxonomy":"post_tag","embeddable":true,"href":"https:\/\/www.adufpb.org.br\/site\/wp-json\/wp\/v2\/tags?post=18080"}],"curies":[{"name":"wp","href":"https:\/\/api.w.org\/{rel}","templated":true}]}}