{"id":18046,"date":"2018-03-02T15:08:54","date_gmt":"2018-03-02T18:08:54","guid":{"rendered":"http:\/\/www.adufpb.org.br\/site\/?p=18046"},"modified":"2018-03-05T16:29:55","modified_gmt":"2018-03-05T19:29:55","slug":"adufpb-promove-semana-em-homenagem-as-mulheres","status":"publish","type":"post","link":"https:\/\/www.adufpb.org.br\/site\/adufpb-promove-semana-em-homenagem-as-mulheres\/","title":{"rendered":"ADUFPB promove semana em homenagem \u00e0s mulheres"},"content":{"rendered":"<p>Com o tema <b><i>\u201cADUFPB pela vida das mulheres: nenhum direito a menos<\/i><\/b>\u201d, o sindicato dos docentes da UFPB (ADUFPB) d\u00e1 in\u00edcio a partir de hoje (5\/03) a uma semana de eventos em homenagem ao Dia Internacional da Mulher, que ser\u00e1 comemorado na pr\u00f3xima quinta-feira, 8 de Mar\u00e7o. A atividade j\u00e1 faz parte do calend\u00e1rio de comemora\u00e7\u00f5es relativas aos 40 anos do sindicato na Para\u00edba.<\/p>\n<p>A primeira atividade come\u00e7a nesta segunda-feira (5\/03), \u00e0s 19 horas, na sede da subsecretaria da ADUFPB em Bananeiras, Campus III, com um show do cantor Pedro Munhoz, que apresentar\u00e1 can\u00e7\u00f5es, poemas e hist\u00f3rias da musicalidade brasileira.<\/p>\n<p>A programa\u00e7\u00e3o da semana comemorativa \u00e0s mulheres segue com a realiza\u00e7\u00e3o de palestras, mesas-redondas, sarau po\u00e9tico e uma exposi\u00e7\u00e3o fotogr\u00e1fica em homenagem \u00e0s professoras que se destacaram ao longo da hist\u00f3ria dos 40 anos de luta sindical da entidade.<\/p>\n<p>Al\u00e9m dessas atividades, membros da Diretoria da ADUFPB tamb\u00e9m participar\u00e3o de atos pol\u00edticos em Jo\u00e3o Pessoa e no interior do estado, como a \u201cIX Marcha pela Vida das Mulheres e pela Agroecologia\u201d, que ser\u00e1 realizada dia 8\/03, no munic\u00edpio de S\u00e3o Sebasti\u00e3o de Lagoa de Ro\u00e7a.<\/p>\n<p><b>Campus I &#8211; Jo\u00e3o Pessoa<\/b><\/p>\n<p>No Campus I, em Jo\u00e3o Pessoa, as comemora\u00e7\u00f5es ocorrem em dois momentos: na quinta-feira, 8\/03, ser\u00e1 servido um caf\u00e9 da manh\u00e3 \u00e0s professoras filiadas, com abertura de exposi\u00e7\u00e3o fotogr\u00e1fica. No final da tarde, a arte, a poesia e o protagonismo feminino ser\u00e3o declamados num Sarau Po\u00e9tico, que come\u00e7a \u00e0s 18 horas, na sede da ADUFPB (Centro de Viv\u00eancia).<\/p>\n<p>J\u00e1 na sexta-feira (9\/03), a programa\u00e7\u00e3o continua com uma mesa-redonda sobre o Dia Internacional da Mulher com temas sobre o feminismo, com participa\u00e7\u00e3o das professoras Maria Aparecida Ramos de Meneses (DSS), Socorro Xavier (DEC), Anita Leoc\u00e1dia (DCFS) e representantes do F\u00f3rum das Mulheres da UFPB. \u00a0A mesa-redonda come\u00e7a \u00e0s 09 horas na Sala de Leitura da ADUFPB.<\/p>\n<p><b>Nas Subsecretarias <\/b><\/p>\n<p>As comemora\u00e7\u00f5es ao Dia Internacional da Mulher tamb\u00e9m ocorrer\u00e3o nos campi de Areia, Bananeiras e Litoral Norte. Al\u00e9m do show em Bananeiras hoje \u00e0 noite, ser\u00e1 realizado na quinta-feira (8\/03) uma confraterniza\u00e7\u00e3o na subsecretaria da ADUFPB, \u00e0s 9 horas, onde ser\u00e1 servido um <i>Coffee Break<\/i>. Na sexta-feira, 9\/03, a ADUFPB Bananeiras promove uma mesa-redonda \u00e0s 14h30, com participa\u00e7\u00e3o da professora Anita Leoc\u00e1dia Pereira dos Santos (DCFS) e da promotora da Comarca de Bananeiras, Ana Maria Pordeus Gadelha.<\/p>\n<p>Na quarta-feira (7\/03), a subsecretaria do Litoral Norte, em Mamanguape, recebe as professoras para um <i>coffee break<\/i> \u00e0s 16 horas e, na sequ\u00eancia, \u00e0s 19 horas, ser\u00e1 realizada uma mesa-redonda na sede do sindicato do Campus IV.<\/p>\n<p>A programa\u00e7\u00e3o da semana em comemora\u00e7\u00e3o ao Dia Internacional da Mulher tamb\u00e9m inclui a subsecretaria de Areia, Campus II. Na quarta-feira (7\/03), est\u00e1 programada uma mesa-redonda \u00e0s 14 horas, seguida de um <i>coffee break<\/i>, \u00e0s 17h30, para confraterniza\u00e7\u00e3o dos participantes do evento.<\/p>\n<p>O objetivo da semana <b><i>\u201cADUFPB pela vida das mulheres: nenhum direito a menos<\/i><\/b>\u201d \u00e9 sensibilizar a comunidade acad\u00eamica para refletir sobre a hist\u00f3ria, os desafios e as perspectivas das principais lutas feministas no mundo e, principalmente, na Para\u00edba. Para o professor Cristiano Bonneau, presidente da ADUFPB, a semana em comemora\u00e7\u00e3o \u00e0s mulheres \u00e9 \u201cuma proposta de integrar os filiados \u2013 principalmente as professoras \u2013 do sindicato \u00e0s lutas em defesa e prote\u00e7\u00e3o dos direitos da mulher e, ao mesmo tempo, discutir o protagonismo feminino nas lutas sindicais\u201d.<\/p>\n<p>Confira a programa\u00e7\u00e3o completa do evento:<\/p>\n<p align=\"center\"><b>PROGRAMA\u00c7\u00c3O<br \/>\nComemora\u00e7\u00e3o do Dia Internacional da Mulher (8 de Mar\u00e7o)<br \/>\nSemana ADUFPB pela vida das mulheres e nenhum direito a menos<\/b><\/p>\n<p align=\"center\"><b>\u00a0<\/b><\/p>\n<p><b>Sede da ADUFPB &#8211; Campus I, Jo\u00e3o Pessoa<\/b><\/p>\n<p><b>Dia 08\/03 (quinta-feira)<\/b><\/p>\n<p><b>Caf\u00e9 da Manh\u00e3<br \/>\nExposi\u00e7\u00e3o Fotogr\u00e1fica:<\/b> Protagonismo das mulheres sindicalistas da ADUFPB<br \/>\n\u00c0s 09 horas<br \/>\nLocal: Sede da ADUFPB (Centro de Viv\u00eancia da UFPB)<\/p>\n<p><b>Participa\u00e7\u00e3o nas marchas populares: <\/b><\/p>\n<p><b>IX Marcha pela Vida das Mulheres e pela Agroecologia<br \/>\n<\/b>Local: S\u00e3o Sebasti\u00e3o de Lagoa de Ro\u00e7a<\/p>\n<p><b>Marcha Direito e Democracia pela Vida das Mulheres e pelo Bem Viver.<br \/>\n<\/b>Realiza\u00e7\u00e3o: Movimento de mulheres da Para\u00edba \u2013 8 de mar\u00e7o de 2018.<br \/>\nTema: Direito e Democracia: pela vida das mulheres e pelo bem viver!<\/p>\n<p><b>Sarau Po\u00e9tico<br \/>\nAbertura: <\/b>Orquestra de Viol\u00f5es da Para\u00edba<b><br \/>\n<\/b>Arte, poesia e protagonismo feminino.<br \/>\nLoca: Sede da ADUFPB \u2013 Centro de Viv\u00eancia da UFPB<br \/>\n\u00c0s 18 horas<\/p>\n<p><b>Dia 09\/03 (Sexta-feira)<\/b><\/p>\n<p>Mesa-Redonda \u201c<i>Dia Internacional da Mulher: Temas do Feminismo\u201d<br \/>\n<\/i>\u00c0s 9 horas<br \/>\nLocal: Sede da ADUFPB \u2013 Centro de Viv\u00eancia da UFPB<br \/>\n<b>Coordenadora:<br \/>\n<\/b>Francileide de Ara\u00fajo Rodrigues \u2013 CCS\/ADUFPB<\/p>\n<p><b>Palestrantes<\/b><\/p>\n<p>Maria Aparecida Ramos de Meneses &#8211; DSS\/CCHLA-SEDH<br \/>\nMaria do Socorro Xavier Batista \u2013 DEC\/CE<br \/>\nAnita Leoc\u00e1dia Pereira dos Santos \u2013 DCFS\/CCA-NIPAM<br \/>\nF\u00f3rum das Mulheres da UFPB<\/p>\n<p>&nbsp;<\/p>\n<p><b>Areia \u2013 Campus II<\/b><\/p>\n<p><strong>07\/03 (quarta-feira)<\/strong><\/p>\n<p><b>Recep\u00e7\u00e3o na Secretaria da ADUFPB &#8211; Coffee Break<\/b><br \/>\n\u00c0s 17h30<\/p>\n<p><b>Mesa-Redonda &#8211; ADUFPB pela Vida das Mulheres e nenhum direito a menos<br \/>\n<\/b>Local: Subsecretaria de Areia \u2013 Campus II<br \/>\n\u00c0s 14 horas<\/p>\n<p><strong>Coordenadora:<\/strong><br \/>\nAnita Leoc\u00e1dia Pereira dos Santos (DCFS\/CCA- NIPAM)<\/p>\n<p><b>Palestrantes<br \/>\n<\/b>&#8211; Renata Almeida Matias &#8211; Coordenadora adjunta da Delegacia especializada da Mulher de Jo\u00e3o Pessoa<br \/>\n&#8211; Is\u00e2nia Petr\u00facia Fraz\u00e3o Monteiro &#8211; Coordenadora do Centro de Refer\u00eancia da Mulher \u00a0\u00a0de Campina Grande<br \/>\n&#8211; Rociane Trajano da Fonseca &#8211; Conselho estadual dos direitos da mulher<br \/>\n&#8211; Manoel Bandeira- diretor do CCA e representante do HeforShe\/UFPB<\/p>\n<p>&nbsp;<\/p>\n<p><b>Bananeiras \u2013 Campus III <\/b><\/p>\n<p><b>Dia 05\/03 (Segunda-feira)<\/b><\/p>\n<p>Show de Pedro Munhoz<br \/>\nLocal: CAVN\/CCHSA\/UFPB, \u00e0s 19h30<\/p>\n<p><b>08\/03 (Quinta-feira)<\/b><\/p>\n<p><b>Coffee Break<\/b><\/p>\n<p>\u00c0s 9 horas<br \/>\n&#8211; Recep\u00e7\u00e3o na Secretaria da ADUFPB<\/p>\n<p><b>09\/03 (Sexta-feira)<\/b><\/p>\n<p><b>Mesa-Redonda &#8211; ADUFPB pela Vida das Mulheres e nenhum direito a menos.<br \/>\n<\/b>Local: Subsecretaria da ADUFPB \u2013 Bananeiras, \u00e0s 14h30<\/p>\n<p><b>Palestrantes:<br \/>\n<\/b>&#8211; Maira Roberto Mendes Carneiro (Subcoordenadora das delegacias da mulher da 2\u00aa superintend\u00eancia)<br \/>\n&#8211; Nilv\u00e2nia dos Santos Silva DE\/CCHSA<br \/>\n&#8211; Anita Leoc\u00e1dia Pereira dos Santos &#8211; DCFS\/CCA- NIPAM<br \/>\n&#8211; Ana Maria Pordeus Gadelha &#8211; Promotora da Comarca de Bananeiras<\/p>\n<p>&nbsp;<\/p>\n<p><b>Litoral Norte \u2013 (Mamanguape) \u2013 Campus IV<\/b><\/p>\n<p><b>Dia 07\/03 (Quarta-feira)<br \/>\n<\/b>\u00c0s 16 horas &#8211; Recep\u00e7\u00e3o na Secretaria da ADUFPB &#8211; Coffee Break<br \/>\n\u00c0s 19 horas &#8211; Mesa-Redonda &#8211; ADUFPB pela Vida das mulheres e nenhum direito a menos<\/p>\n<p><strong>Coordenadora:<br \/>\n<\/strong>Celia Regina Teixeira &#8211; DE\/CCAE<\/p>\n<p><b>Palestrantes<\/b><br \/>\nMaria da Penha Caetano de Figueiredo Gil &#8211; DE\/CCAE<br \/>\nSanderliny Ribeiro dos Santos &#8211; (PEC-Ind\u00edgena\/UFPB)<br \/>\nRanielle Vasconcelos Cabral (Delegada Titular da Delegacia da Mulher \u2013 Mamanguape)<\/p>\n<p><b>Sess\u00e3o de Homenagens<br \/>\n<\/b>Elizangela Bezerra de Moura (OITERO &#8211; \u00a0Resiste)<br \/>\nNilda Faustini \u00a0(Articula\u00e7\u00e3o de Mulheres Ind\u00edgenas da Para\u00edba)<br \/>\nLocal: Audit\u00f3rio do Campus Mamanguape \u2013 Campus IV<\/p>\n<p><em>FONTE: Ascom ADUFPB<\/em><\/p>\n","protected":false},"excerpt":{"rendered":"<p>Com o tema \u201cADUFPB pela vida das mulheres: nenhum direito a menos\u201d, o sindicato dos docentes da UFPB (ADUFPB) d\u00e1 in\u00edcio a partir de hoje (5\/03) a uma semana de eventos em homenagem ao Dia Internacional da Mulher, que ser\u00e1 comemorado na pr\u00f3xima quinta-feira, 8 de Mar\u00e7o. A atividade j\u00e1 faz parte do calend\u00e1rio de&hellip;<\/p>\n","protected":false},"author":8,"featured_media":18047,"comment_status":"closed","ping_status":"closed","sticky":false,"template":"","format":"standard","meta":{"footnotes":""},"categories":[15,417],"tags":[121,895],"class_list":["post-18046","post","type-post","status-publish","format-standard","has-post-thumbnail","hentry","category-noticias","category-noticias-destaque","tag-8-de-marco","tag-adufpb-2","category-15","category-417","description-off"],"_links":{"self":[{"href":"https:\/\/www.adufpb.org.br\/site\/wp-json\/wp\/v2\/posts\/18046","targetHints":{"allow":["GET"]}}],"collection":[{"href":"https:\/\/www.adufpb.org.br\/site\/wp-json\/wp\/v2\/posts"}],"about":[{"href":"https:\/\/www.adufpb.org.br\/site\/wp-json\/wp\/v2\/types\/post"}],"author":[{"embeddable":true,"href":"https:\/\/www.adufpb.org.br\/site\/wp-json\/wp\/v2\/users\/8"}],"replies":[{"embeddable":true,"href":"https:\/\/www.adufpb.org.br\/site\/wp-json\/wp\/v2\/comments?post=18046"}],"version-history":[{"count":5,"href":"https:\/\/www.adufpb.org.br\/site\/wp-json\/wp\/v2\/posts\/18046\/revisions"}],"predecessor-version":[{"id":21882,"href":"https:\/\/www.adufpb.org.br\/site\/wp-json\/wp\/v2\/posts\/18046\/revisions\/21882"}],"wp:featuredmedia":[{"embeddable":true,"href":"https:\/\/www.adufpb.org.br\/site\/wp-json\/wp\/v2\/media\/18047"}],"wp:attachment":[{"href":"https:\/\/www.adufpb.org.br\/site\/wp-json\/wp\/v2\/media?parent=18046"}],"wp:term":[{"taxonomy":"category","embeddable":true,"href":"https:\/\/www.adufpb.org.br\/site\/wp-json\/wp\/v2\/categories?post=18046"},{"taxonomy":"post_tag","embeddable":true,"href":"https:\/\/www.adufpb.org.br\/site\/wp-json\/wp\/v2\/tags?post=18046"}],"curies":[{"name":"wp","href":"https:\/\/api.w.org\/{rel}","templated":true}]}}