{"id":18037,"date":"2018-02-28T15:41:40","date_gmt":"2018-02-28T18:41:40","guid":{"rendered":"http:\/\/www.adufpb.org.br\/site\/?p=18037"},"modified":"2018-02-28T15:46:51","modified_gmt":"2018-02-28T18:46:51","slug":"ufpb-convoca-para-recadastramento-aposentados-e-pensionistas-que-aniversaria-no-mes-de-dezembro","status":"publish","type":"post","link":"https:\/\/www.adufpb.org.br\/site\/ufpb-convoca-para-recadastramento-aposentados-e-pensionistas-que-aniversaria-no-mes-de-dezembro\/","title":{"rendered":"UFPB convoca para recadastramento aposentados e pensionistas que aniversariam no m\u00eas de dezembro"},"content":{"rendered":"<p>A divis\u00e3o de Legisla\u00e7\u00e3o e Controle de Processos da UFPB emitiu um chamado para o pessoal inativo da institui\u00e7\u00e3o que aniversaria no m\u00eas de dezembro. A nota alerta que, caso o servidor n\u00e3o realize o cadastramento anual de aposentados e pensionistas, no prazo de 01 a 15 de mar\u00e7o, haver\u00e1 a imediata suspens\u00e3o dos vencimentos. Segue a nota:<\/p>\n<p>\u201cPrezados Aposentados e Pensionistas, boa tarde.<br \/>\nA Universidade Federal da Para\u00edba comunica-lhes a necessidade de comparecimento para realiza\u00e7\u00e3o do recadastramento anual de aposentados e pensionistas. O chamado direciona-se ao pessoal inativo da Institui\u00e7\u00e3o que aniversaria no m\u00eas de dezembro.<br \/>\nPortanto, os interessados devem comparecer no Pr\u00e9dio da Reitoria da UFPB, 1\u00ba andar, na Central de Atendimento ao Servidor (CAS), munido dos Documentos pessoais (RG e CPF) e um comprovante de resid\u00eancia, no per\u00edodo de 01 a 15 de mar\u00e7o do corrente ano.<br \/>\nO Comparecimento \u00e9 obrigat\u00f3rio, uma vez que a aus\u00eancia de recadastramento no per\u00edodo informado acarreta a imediata suspens\u00e3o dos vencimentos.<br \/>\nAqueles que se encontram fora de Jo\u00e3o Pessoa, fora do Pa\u00eds ou com alguma enfermidade incapacitante devem entrar em contato no n\u00famero (83) 3216-7349 (DLCP).<br \/>\nAgradecemos a compreens\u00e3o.<br \/>\nAdynaer Geraldo Maia da Silva<br \/>\nAssistente em Administra\u00e7\u00e3o<br \/>\nDivis\u00e3o de Legisla\u00e7\u00e3o e Controle de Processos<br \/>\nUniversidade Federal da Para\u00edba\u201d<\/p>\n","protected":false},"excerpt":{"rendered":"<p>A divis\u00e3o de Legisla\u00e7\u00e3o e Controle de Processos da UFPB emitiu um chamado para o pessoal inativo da institui\u00e7\u00e3o que aniversaria no m\u00eas de dezembro. A nota alerta que, caso o servidor n\u00e3o realize o cadastramento anual de aposentados e pensionistas, no prazo de 01 a 15 de mar\u00e7o, haver\u00e1 a imediata suspens\u00e3o dos vencimentos.&hellip;<\/p>\n","protected":false},"author":4,"featured_media":0,"comment_status":"closed","ping_status":"closed","sticky":false,"template":"","format":"standard","meta":{"footnotes":""},"categories":[15],"tags":[],"class_list":["post-18037","post","type-post","status-publish","format-standard","hentry","category-noticias","category-15","description-off"],"_links":{"self":[{"href":"https:\/\/www.adufpb.org.br\/site\/wp-json\/wp\/v2\/posts\/18037","targetHints":{"allow":["GET"]}}],"collection":[{"href":"https:\/\/www.adufpb.org.br\/site\/wp-json\/wp\/v2\/posts"}],"about":[{"href":"https:\/\/www.adufpb.org.br\/site\/wp-json\/wp\/v2\/types\/post"}],"author":[{"embeddable":true,"href":"https:\/\/www.adufpb.org.br\/site\/wp-json\/wp\/v2\/users\/4"}],"replies":[{"embeddable":true,"href":"https:\/\/www.adufpb.org.br\/site\/wp-json\/wp\/v2\/comments?post=18037"}],"version-history":[{"count":3,"href":"https:\/\/www.adufpb.org.br\/site\/wp-json\/wp\/v2\/posts\/18037\/revisions"}],"predecessor-version":[{"id":18040,"href":"https:\/\/www.adufpb.org.br\/site\/wp-json\/wp\/v2\/posts\/18037\/revisions\/18040"}],"wp:attachment":[{"href":"https:\/\/www.adufpb.org.br\/site\/wp-json\/wp\/v2\/media?parent=18037"}],"wp:term":[{"taxonomy":"category","embeddable":true,"href":"https:\/\/www.adufpb.org.br\/site\/wp-json\/wp\/v2\/categories?post=18037"},{"taxonomy":"post_tag","embeddable":true,"href":"https:\/\/www.adufpb.org.br\/site\/wp-json\/wp\/v2\/tags?post=18037"}],"curies":[{"name":"wp","href":"https:\/\/api.w.org\/{rel}","templated":true}]}}