{"id":18017,"date":"2018-02-23T17:13:52","date_gmt":"2018-02-23T20:13:52","guid":{"rendered":"http:\/\/www.adufpb.org.br\/site\/?p=18017"},"modified":"2018-02-23T17:14:51","modified_gmt":"2018-02-23T20:14:51","slug":"nota-de-pesar-82","status":"publish","type":"post","link":"https:\/\/www.adufpb.org.br\/site\/nota-de-pesar-82\/","title":{"rendered":"NOTA DE PESAR"},"content":{"rendered":"<p><a href=\"http:\/\/www.adufpb.org.br\/site\/wp-content\/uploads\/2018\/02\/2018-02-23-PHOTO-00000119.jpg\"><img loading=\"lazy\" decoding=\"async\" class=\"aligncenter size-medium wp-image-18018\" alt=\"2018-02-23-PHOTO-00000119\" src=\"http:\/\/www.adufpb.org.br\/site\/wp-content\/uploads\/2018\/02\/2018-02-23-PHOTO-00000119-228x300.jpg\" width=\"228\" height=\"300\" srcset=\"https:\/\/www.adufpb.org.br\/site\/wp-content\/uploads\/2018\/02\/2018-02-23-PHOTO-00000119-228x300.jpg 228w, https:\/\/www.adufpb.org.br\/site\/wp-content\/uploads\/2018\/02\/2018-02-23-PHOTO-00000119.jpg 489w\" sizes=\"auto, (max-width: 228px) 100vw, 228px\" \/><\/a><\/p>\n<p>Os que fazem a ADUFPB\/SSind v\u00eam a p\u00fablico manifestar o seu pesar pelo falecimento, ocorrido no dia 22 de fevereiro de 2018, de MARINETE MADALENA DE OLIVEIRA, professora aposentada do Departamento de Medicina Interna, do Centro de Ci\u00eancias M\u00e9dicas, da Universidade Federal da Para\u00edba e sindicalizada da ADUFPB. O corpo est\u00e1 sendo velando na Funer\u00e1ria S\u00e3o Jo\u00e3o Batista.<\/p>\n<p>Aos amigos e membros da fam\u00edlia, nossos sentimentos.<\/p>\n<p>&nbsp;<\/p>\n<p>Jo\u00e3o Pessoa, 23 de fevereiro de 2018.<\/p>\n<p><strong>Diretoria Executiva e Funcion\u00e1rios da ADUFPB<\/strong><\/p>\n","protected":false},"excerpt":{"rendered":"<p>Os que fazem a ADUFPB\/SSind v\u00eam a p\u00fablico manifestar o seu pesar pelo falecimento, ocorrido no dia 22 de fevereiro de 2018, de MARINETE MADALENA DE OLIVEIRA, professora aposentada do Departamento de Medicina Interna, do Centro de Ci\u00eancias M\u00e9dicas, da Universidade Federal da Para\u00edba e sindicalizada da ADUFPB. O corpo est\u00e1 sendo velando na Funer\u00e1ria&hellip;<\/p>\n","protected":false},"author":4,"featured_media":0,"comment_status":"closed","ping_status":"closed","sticky":false,"template":"","format":"standard","meta":{"footnotes":""},"categories":[15],"tags":[],"class_list":["post-18017","post","type-post","status-publish","format-standard","hentry","category-noticias","category-15","description-off"],"_links":{"self":[{"href":"https:\/\/www.adufpb.org.br\/site\/wp-json\/wp\/v2\/posts\/18017","targetHints":{"allow":["GET"]}}],"collection":[{"href":"https:\/\/www.adufpb.org.br\/site\/wp-json\/wp\/v2\/posts"}],"about":[{"href":"https:\/\/www.adufpb.org.br\/site\/wp-json\/wp\/v2\/types\/post"}],"author":[{"embeddable":true,"href":"https:\/\/www.adufpb.org.br\/site\/wp-json\/wp\/v2\/users\/4"}],"replies":[{"embeddable":true,"href":"https:\/\/www.adufpb.org.br\/site\/wp-json\/wp\/v2\/comments?post=18017"}],"version-history":[{"count":3,"href":"https:\/\/www.adufpb.org.br\/site\/wp-json\/wp\/v2\/posts\/18017\/revisions"}],"predecessor-version":[{"id":18022,"href":"https:\/\/www.adufpb.org.br\/site\/wp-json\/wp\/v2\/posts\/18017\/revisions\/18022"}],"wp:attachment":[{"href":"https:\/\/www.adufpb.org.br\/site\/wp-json\/wp\/v2\/media?parent=18017"}],"wp:term":[{"taxonomy":"category","embeddable":true,"href":"https:\/\/www.adufpb.org.br\/site\/wp-json\/wp\/v2\/categories?post=18017"},{"taxonomy":"post_tag","embeddable":true,"href":"https:\/\/www.adufpb.org.br\/site\/wp-json\/wp\/v2\/tags?post=18017"}],"curies":[{"name":"wp","href":"https:\/\/api.w.org\/{rel}","templated":true}]}}